{"id":30930,"date":"2026-03-11T13:21:29","date_gmt":"2026-03-11T16:21:29","guid":{"rendered":"https:\/\/blogdodanielgalvao.com.br\/site\/?p=30930"},"modified":"2026-03-11T13:21:35","modified_gmt":"2026-03-11T16:21:35","slug":"arraial-do-cabo-participa-de-capacitacao-do-programa-fumaca-zero-para-prevenir-queimadas","status":"publish","type":"post","link":"https:\/\/blogdodanielgalvao.com.br\/site\/arraial-do-cabo-participa-de-capacitacao-do-programa-fumaca-zero-para-prevenir-queimadas\/","title":{"rendered":"Arraial do Cabo participa de capacita\u00e7\u00e3o do programa Fuma\u00e7a Zero para prevenir queimadas"},"content":{"rendered":"\n<p>Agentes da Defesa Civil e da Secretaria do Ambiente e Saneamento de Arraial do Cabo iniciaram, nesta segunda-feira (9), uma capacita\u00e7\u00e3o voltada \u00e0 preven\u00e7\u00e3o e ao combate a inc\u00eandios florestais. O treinamento acontece em Praia Seca, distrito de Araruama, e integra o programa Fuma\u00e7a Zero, coordenado pelo Instituto Estadual do Ambiente.<\/p>\n\n\n\n<p>A forma\u00e7\u00e3o segue at\u00e9 o dia 13 deste m\u00eas e re\u00fane diferentes estrat\u00e9gias de atua\u00e7\u00e3o, combinando tecnologia, fiscaliza\u00e7\u00e3o e a\u00e7\u00f5es educativas. A proposta \u00e9 preparar os servidores municipais para atuarem como primeiros respondentes em ocorr\u00eancias de queimadas, contribuindo para proteger \u00e1reas naturais da regi\u00e3o.<\/p>\n\n\n\n<p>A iniciativa \u00e9 promovida pelo Governo do Estado com apoio do Minist\u00e9rio P\u00fablico e do Comit\u00ea de Bacia Hidrogr\u00e1fica das Lagoas de Araruama e Saquarema e dos rios S\u00e3o Jo\u00e3o e Una. O encontro tamb\u00e9m marca a abertura oficial do programa Fuma\u00e7a Zero no estado.<\/p>\n\n\n\n<p>Durante o treinamento, especialistas do Grupamento de Socorro Florestal e Meio Ambiente do Corpo de Bombeiros e da Ger\u00eancia de Guarda-Parques do INEA compartilham t\u00e9cnicas operacionais, experi\u00eancias de campo e protocolos utilizados em situa\u00e7\u00f5es de inc\u00eandios em \u00e1reas de vegeta\u00e7\u00e3o.<\/p>\n\n\n\n<p>A a\u00e7\u00e3o busca fortalecer a capacidade de resposta dos munic\u00edpios e ampliar a prote\u00e7\u00e3o da biodiversidade presente na Mata Atl\u00e2ntica, bioma predominante na regi\u00e3o.<\/p>\n\n\n\n<p>Autoridades ambientais alertam que muitos inc\u00eandios t\u00eam origem em pr\u00e1ticas aparentemente simples, como a queima de lixo dom\u00e9stico ou a limpeza de terrenos com uso de fogo. Em per\u00edodos de clima seco, aliados aos ventos frequentes da regi\u00e3o, essas chamas podem se espalhar rapidamente e provocar danos ambientais de grandes propor\u00e7\u00f5es.&nbsp;&nbsp;&nbsp;&nbsp;<\/p>\n","protected":false},"excerpt":{"rendered":"<p>Agentes da Defesa Civil e da Secretaria do Ambiente e Saneamento de Arraial do Cabo iniciaram, nesta segunda-feira (9), uma capacita\u00e7\u00e3o voltada \u00e0 preven\u00e7\u00e3o e ao combate a inc\u00eandios florestais. O treinamento acontece em Praia Seca, distrito de Araruama, e integra o programa Fuma\u00e7a Zero, coordenado pelo Instituto Estadual do Ambiente. A forma\u00e7\u00e3o segue at\u00e9 [&hellip;]<\/p>\n","protected":false},"author":2,"featured_media":30931,"comment_status":"open","ping_status":"open","sticky":false,"template":"","format":"standard","meta":{"footnotes":""},"categories":[838],"tags":[],"class_list":["post-30930","post","type-post","status-publish","format-standard","has-post-thumbnail","hentry","category-arraial-do-cabo"],"_links":{"self":[{"href":"https:\/\/blogdodanielgalvao.com.br\/site\/wp-json\/wp\/v2\/posts\/30930","targetHints":{"allow":["GET"]}}],"collection":[{"href":"https:\/\/blogdodanielgalvao.com.br\/site\/wp-json\/wp\/v2\/posts"}],"about":[{"href":"https:\/\/blogdodanielgalvao.com.br\/site\/wp-json\/wp\/v2\/types\/post"}],"author":[{"embeddable":true,"href":"https:\/\/blogdodanielgalvao.com.br\/site\/wp-json\/wp\/v2\/users\/2"}],"replies":[{"embeddable":true,"href":"https:\/\/blogdodanielgalvao.com.br\/site\/wp-json\/wp\/v2\/comments?post=30930"}],"version-history":[{"count":1,"href":"https:\/\/blogdodanielgalvao.com.br\/site\/wp-json\/wp\/v2\/posts\/30930\/revisions"}],"predecessor-version":[{"id":30932,"href":"https:\/\/blogdodanielgalvao.com.br\/site\/wp-json\/wp\/v2\/posts\/30930\/revisions\/30932"}],"wp:featuredmedia":[{"embeddable":true,"href":"https:\/\/blogdodanielgalvao.com.br\/site\/wp-json\/wp\/v2\/media\/30931"}],"wp:attachment":[{"href":"https:\/\/blogdodanielgalvao.com.br\/site\/wp-json\/wp\/v2\/media?parent=30930"}],"wp:term":[{"taxonomy":"category","embeddable":true,"href":"https:\/\/blogdodanielgalvao.com.br\/site\/wp-json\/wp\/v2\/categories?post=30930"},{"taxonomy":"post_tag","embeddable":true,"href":"https:\/\/blogdodanielgalvao.com.br\/site\/wp-json\/wp\/v2\/tags?post=30930"}],"curies":[{"name":"wp","href":"https:\/\/api.w.org\/{rel}","templated":true}]}}