{"id":30922,"date":"2026-03-11T11:47:28","date_gmt":"2026-03-11T14:47:28","guid":{"rendered":"https:\/\/blogdodanielgalvao.com.br\/site\/?p=30922"},"modified":"2026-03-11T16:51:22","modified_gmt":"2026-03-11T19:51:22","slug":"welberth-reforca-parceria-com-a-ufrj-em-aula-inaugural-no-nupem-em-macae","status":"publish","type":"post","link":"https:\/\/blogdodanielgalvao.com.br\/site\/welberth-reforca-parceria-com-a-ufrj-em-aula-inaugural-no-nupem-em-macae\/","title":{"rendered":"Welberth refor\u00e7a parceria com a UFRJ em aula inaugural no NUPEM, em Maca\u00e9"},"content":{"rendered":"\n<p>O prefeito de Maca\u00e9, Welberth Rezende (CIDADANIA), participou, nessa ter\u00e7a-feira, 10, de um evento na sede do Instituto de Biodiversidade e Sustentabilidade (NUPEM), da Universidade Federal do Rio de Janeiro (UFRJ), na cidade.<\/p>\n\n\n\n<p>A solenidade, que contou com a presen\u00e7a do reitor da UFRJ, Roberto Medronho, do decano da UFRJ, Irnak Barbosa, e da diretora do NUPEM\/UFRJ \u2013 Maca\u00e9, C\u00edntia Barros, e da secret\u00e1ria executiva de Educa\u00e7\u00e3o Superior, Iza Vicente (REDE), marcou a aula inaugural do curso de Biomedicina.<\/p>\n\n\n\n<p>\u201c\u00c9 um prazer estar aqui hoje. A UFRJ \u00e9 uma grande parceira para que possamos tomar decis\u00f5es importantes amparadas por um parecer t\u00e9cnico, principalmente no per\u00edodo Covid (sigla, em ingl\u00eas, para Coronavirus Disease), onde Maca\u00e9 foi a melhor cidade no combate \u00e0 doen\u00e7a, e isso fez toda diferen\u00e7a durante a pandemia que diminuiu o n\u00famero de mortalidade. Outra decis\u00e3o foi sobre a quest\u00e3o da invas\u00e3o de \u00e1guas na Fronteira, onde a praia \u00e9 erosiva; j\u00e1 estamos retirando as fam\u00edlias desses locais para outras casas. Estou muito feliz de estar participando dessa aula inaugural. Recentemente a prefeitura comprou uma \u00e1rea aqui ao lado para ampliar o NUPEM e vamos ampliar a UFRJ na Cidade Universit\u00e1ria em mais 2 blocos, que servir\u00e1 para o curso de Enfermagem, Nutri\u00e7\u00e3o, fazer uma parte atl\u00e9tica e avan\u00e7ar para que tenhamos outros cursos\u201d, comentou Welberth.<\/p>\n\n\n\n<p>Para o reitor da UFRJ, a parceria entre a institui\u00e7\u00e3o federal e a prefeitura tamb\u00e9m foi um fator lembrado no evento, que ressaltou o valor dado pelo governo municipal para a ci\u00eancia e a educa\u00e7\u00e3o como fatores de desenvolvimento.<\/p>\n\n\n\n<p>\u201cO prefeito acredita na ci\u00eancia e na educa\u00e7\u00e3o e isso foi muito importante para o desenvolvimento em nosso pa\u00eds. Estou muito feliz em estar aqui e quero mostrar como a gente pode utilizar a Intelig\u00eancia Artificial (IA), para que possamos prever pandemias, como vou mostrar para voc\u00eas. \u00c9 um prazer enorme estar aqui\u201d, afirmou Roberto Medronho, antes de sua apresenta\u00e7\u00e3o.<\/p>\n\n\n\n<p>Com o t\u00edtulo \u201cPandemias e IA\u201d, a aula inaugural do curso de Biomedicina foi aberta pelo professor e reitor da UFRJ, que trouxe eventos hist\u00f3ricos relacionados a pandemias ao redor do planeta, como a peste negra (1346-1353), a gripe espanhola (1918-1920), e o coronav\u00edrus (2020-2023).<\/p>\n\n\n\n<p>\u201cA quest\u00e3o \u00e9 quando teremos uma nova pandemia, pois ainda temos muitos v\u00edrus que n\u00e3o s\u00e3o conhecidos. H\u00e1 muitas doen\u00e7as emergentes e reemergentes como ebola e chikungunya\u201d, lembrou Roberto Medronho.<\/p>\n\n\n\n<p>A explana\u00e7\u00e3o abordou ainda doen\u00e7as de animais que s\u00e3o transmitidas para o homem e como a sociedade pode ganhar tempo antes do pr\u00f3ximo evento, utilizando a IA para avaliar informa\u00e7\u00f5es que parecem dispersas a fim de encontrar sinais que possam representar perigo \u00e0 sociedade.<\/p>\n\n\n\n<p>\u201cEm um mundo conectado o tempo importa. A IA pode transformar sinais dispersos em alertas utiliz\u00e1veis antes da dissemina\u00e7\u00e3o em grande escala, detectando padr\u00f5es anormais mais cedo e integrando m\u00faltiplas fontes de dados em tempo real. Estima o risco de propaga\u00e7\u00e3o antes do colapso assistencial\u201d, explicou Roberto Medronho.<\/p>\n\n\n\n<p>Realizada nessa ter\u00e7a-feira, a aula inaugural contou ainda com a presen\u00e7a das vereadoras Mayara Rezende (REPUBLICANOS) e Leandra Lopes (PT), al\u00e9m do professor Chico Esteves, entre outras autoridades do governo municipal.<\/p>\n","protected":false},"excerpt":{"rendered":"<p>O prefeito de Maca\u00e9, Welberth Rezende (CIDADANIA), participou, nessa ter\u00e7a-feira, 10, de um evento na sede do Instituto de Biodiversidade e Sustentabilidade (NUPEM), da Universidade Federal do Rio de Janeiro (UFRJ), na cidade. A solenidade, que contou com a presen\u00e7a do reitor da UFRJ, Roberto Medronho, do decano da UFRJ, Irnak Barbosa, e da diretora [&hellip;]<\/p>\n","protected":false},"author":2,"featured_media":30924,"comment_status":"open","ping_status":"open","sticky":false,"template":"","format":"standard","meta":{"footnotes":""},"categories":[2979,2097,2],"tags":[],"class_list":["post-30922","post","type-post","status-publish","format-standard","has-post-thumbnail","hentry","category-destaque-noticia-1","category-educacao","category-macae"],"_links":{"self":[{"href":"https:\/\/blogdodanielgalvao.com.br\/site\/wp-json\/wp\/v2\/posts\/30922","targetHints":{"allow":["GET"]}}],"collection":[{"href":"https:\/\/blogdodanielgalvao.com.br\/site\/wp-json\/wp\/v2\/posts"}],"about":[{"href":"https:\/\/blogdodanielgalvao.com.br\/site\/wp-json\/wp\/v2\/types\/post"}],"author":[{"embeddable":true,"href":"https:\/\/blogdodanielgalvao.com.br\/site\/wp-json\/wp\/v2\/users\/2"}],"replies":[{"embeddable":true,"href":"https:\/\/blogdodanielgalvao.com.br\/site\/wp-json\/wp\/v2\/comments?post=30922"}],"version-history":[{"count":2,"href":"https:\/\/blogdodanielgalvao.com.br\/site\/wp-json\/wp\/v2\/posts\/30922\/revisions"}],"predecessor-version":[{"id":30944,"href":"https:\/\/blogdodanielgalvao.com.br\/site\/wp-json\/wp\/v2\/posts\/30922\/revisions\/30944"}],"wp:featuredmedia":[{"embeddable":true,"href":"https:\/\/blogdodanielgalvao.com.br\/site\/wp-json\/wp\/v2\/media\/30924"}],"wp:attachment":[{"href":"https:\/\/blogdodanielgalvao.com.br\/site\/wp-json\/wp\/v2\/media?parent=30922"}],"wp:term":[{"taxonomy":"category","embeddable":true,"href":"https:\/\/blogdodanielgalvao.com.br\/site\/wp-json\/wp\/v2\/categories?post=30922"},{"taxonomy":"post_tag","embeddable":true,"href":"https:\/\/blogdodanielgalvao.com.br\/site\/wp-json\/wp\/v2\/tags?post=30922"}],"curies":[{"name":"wp","href":"https:\/\/api.w.org\/{rel}","templated":true}]}}