{"id":30919,"date":"2026-03-11T11:30:41","date_gmt":"2026-03-11T14:30:41","guid":{"rendered":"https:\/\/blogdodanielgalvao.com.br\/site\/?p=30919"},"modified":"2026-03-11T11:30:46","modified_gmt":"2026-03-11T14:30:46","slug":"adolescente-e-detido-com-drogas-em-acao-do-32o-bpm-na-favela-da-linha-em-macae","status":"publish","type":"post","link":"https:\/\/blogdodanielgalvao.com.br\/site\/adolescente-e-detido-com-drogas-em-acao-do-32o-bpm-na-favela-da-linha-em-macae\/","title":{"rendered":"Adolescente \u00e9 detido com drogas em a\u00e7\u00e3o do 32\u00ba BPM na Favela da Linha, em Maca\u00e9"},"content":{"rendered":"\n<p>Mais um adolescente foi detido por envolvimento com o tr\u00e1fico de drogas em Maca\u00e9 nessa semana, em a\u00e7\u00e3o realizada por policiais do 32\u00ba Batalh\u00e3o da Pol\u00edcia Militar (32\u00ba BPM) na Favela da Linha, nos Cajueiros.<\/p>\n\n\n\n<p>A a\u00e7\u00e3o aconteceu enquanto agentes do Servi\u00e7o Reservado (P2), como \u00e9 chamado o setor de intelig\u00eancia da PM, investigavam um local apontado como ponto de venda de drogas ligado \u00e0 fac\u00e7\u00e3o criminosa Amigos do Amigos (ADA).<\/p>\n\n\n\n<p>Durante a observa\u00e7\u00e3o, os policiais teriam percebido um jovem em atitude considerada suspeita, e que tentou fugir ao perceber a aproxima\u00e7\u00e3o dos agentes, sendo alcan\u00e7ado e detido, carregando 35 pinos de coca\u00edna e 70 reais em dinheiro.<\/p>\n\n\n\n<p>A PM informou ainda que, durante a a\u00e7\u00e3o, os policiais observaram outro suspeito comercializando drogas utilizando uma motocicleta, mas que conseguiu fugir abandonando 9 tiras de maconha sobre o banco do ve\u00edculo, uma Honda CG 125 Titan preta, que tamb\u00e9m foi apreendida.<\/p>\n\n\n\n<p>O adolescente e o material apreendido foram levados para a 123\u00aa Delegacia de Pol\u00edcia Civil (123\u00aa DP), de Maca\u00e9, onde o caso foi registrado, e o jovem permaneceu apreendido por fato an\u00e1logo ao crime de tr\u00e1fico de drogas.<\/p>\n","protected":false},"excerpt":{"rendered":"<p>Mais um adolescente foi detido por envolvimento com o tr\u00e1fico de drogas em Maca\u00e9 nessa semana, em a\u00e7\u00e3o realizada por policiais do 32\u00ba Batalh\u00e3o da Pol\u00edcia Militar (32\u00ba BPM) na Favela da Linha, nos Cajueiros. A a\u00e7\u00e3o aconteceu enquanto agentes do Servi\u00e7o Reservado (P2), como \u00e9 chamado o setor de intelig\u00eancia da PM, investigavam um [&hellip;]<\/p>\n","protected":false},"author":2,"featured_media":30920,"comment_status":"open","ping_status":"open","sticky":false,"template":"","format":"standard","meta":{"footnotes":""},"categories":[2981,1899],"tags":[],"class_list":["post-30919","post","type-post","status-publish","format-standard","has-post-thumbnail","hentry","category-destaque-noticia-3","category-policia"],"_links":{"self":[{"href":"https:\/\/blogdodanielgalvao.com.br\/site\/wp-json\/wp\/v2\/posts\/30919","targetHints":{"allow":["GET"]}}],"collection":[{"href":"https:\/\/blogdodanielgalvao.com.br\/site\/wp-json\/wp\/v2\/posts"}],"about":[{"href":"https:\/\/blogdodanielgalvao.com.br\/site\/wp-json\/wp\/v2\/types\/post"}],"author":[{"embeddable":true,"href":"https:\/\/blogdodanielgalvao.com.br\/site\/wp-json\/wp\/v2\/users\/2"}],"replies":[{"embeddable":true,"href":"https:\/\/blogdodanielgalvao.com.br\/site\/wp-json\/wp\/v2\/comments?post=30919"}],"version-history":[{"count":1,"href":"https:\/\/blogdodanielgalvao.com.br\/site\/wp-json\/wp\/v2\/posts\/30919\/revisions"}],"predecessor-version":[{"id":30921,"href":"https:\/\/blogdodanielgalvao.com.br\/site\/wp-json\/wp\/v2\/posts\/30919\/revisions\/30921"}],"wp:featuredmedia":[{"embeddable":true,"href":"https:\/\/blogdodanielgalvao.com.br\/site\/wp-json\/wp\/v2\/media\/30920"}],"wp:attachment":[{"href":"https:\/\/blogdodanielgalvao.com.br\/site\/wp-json\/wp\/v2\/media?parent=30919"}],"wp:term":[{"taxonomy":"category","embeddable":true,"href":"https:\/\/blogdodanielgalvao.com.br\/site\/wp-json\/wp\/v2\/categories?post=30919"},{"taxonomy":"post_tag","embeddable":true,"href":"https:\/\/blogdodanielgalvao.com.br\/site\/wp-json\/wp\/v2\/tags?post=30919"}],"curies":[{"name":"wp","href":"https:\/\/api.w.org\/{rel}","templated":true}]}}