{"id":30898,"date":"2026-03-10T15:56:05","date_gmt":"2026-03-10T18:56:05","guid":{"rendered":"https:\/\/blogdodanielgalvao.com.br\/site\/?p=30898"},"modified":"2026-03-10T15:56:15","modified_gmt":"2026-03-10T18:56:15","slug":"regiao-afetada-pelas-chuvas-na-regiao-serrana-de-macae-pode-ganhar-nova-ponte-em-breve","status":"publish","type":"post","link":"https:\/\/blogdodanielgalvao.com.br\/site\/regiao-afetada-pelas-chuvas-na-regiao-serrana-de-macae-pode-ganhar-nova-ponte-em-breve\/","title":{"rendered":"Regi\u00e3o afetada pelas chuvas na regi\u00e3o serrana de Maca\u00e9 pode ganhar nova ponte em breve"},"content":{"rendered":"\n<p>O prefeito de Maca\u00e9, Welberth Rezende (CIDADANIA), esteve na Cabeceira do Sana na manh\u00e3 dessa ter\u00e7a-feira, 10, para tratar da constru\u00e7\u00e3o de uma nova ponte para passagem de ve\u00edculos que substitua a antiga ponte.<\/p>\n\n\n\n<p>Durante a visita \u00e0 regi\u00e3o serrana do munic\u00edpio, o prefeito esteve acompanhado do secret\u00e1rio executivo de Servi\u00e7os P\u00fablicos, Rodrigo Silva, al\u00e9m da presidente da Associa\u00e7\u00e3o de Moradores da Cabeceira do Sana, Cl\u00e1udia Schott, e de outros moradores.<\/p>\n\n\n\n<p>\u201cEstamos aqui buscando uma alternativa para a passagem de ve\u00edculos aqui na Cabeceira. J\u00e1 colocamos uma ponte, que \u00e9 provis\u00f3ria, para os moradores passarem, e j\u00e1 estamos planejando a confec\u00e7\u00e3o da nova ponte definitiva para resolver aqui, mas os moradores precisam de outra ponte para que possam passar com seus ve\u00edculos. Estamos aqui nesse momento estudando a melhor possibilidade, que acima de tudo, traga seguran\u00e7a \u00e0s pessoas\u201d, contou Welberth.<\/p>\n\n\n\n<p>De acordo com o prefeito, os estragos provocados pelas chuvas no local expandiram as margens do rio, impossibilitando o uso da antiga ponte, que foi levada pela for\u00e7a das \u00e1guas, devido a um aumento de cerca de 10 metros em raz\u00e3o do temporal.<\/p>\n\n\n\n<p>\u201cA chuva machucou muito, as \u00e1guas levaram muito, destru\u00edram toda cabeceira da ponte, ela foi levada. A cabeceira desceu inteira, e aqui a conten\u00e7\u00e3o continua feita; a margem do rio, ela abriu muito aqui tamb\u00e9m. N\u00f3s t\u00ednhamos aqui um espa\u00e7o que, pelo menos, aumentou em quase 10 metros. Ent\u00e3o a ponte antiga tamb\u00e9m n\u00e3o cabe mais aqui. Temos que confeccionar uma nova ponte, de ferro, segura, para que possa resolver de uma vez por todas o problema aqui dos moradores da Cabeceira do Sana. Estamos aqui, trabalhando, junto com os moradores, buscando a melhor solu\u00e7\u00e3o\u201d, explicou Welberth.<\/p>\n\n\n\n<p>Segundo o prefeito, o governo seguir\u00e1 trabalhando na busca por solu\u00e7\u00f5es para os problemas da Cabeceira do Sana, assim como outras localidades atingidas pelos temporais que impactaram a cidade, especial a serra, na virada do m\u00eas.<\/p>\n\n\n\n<p>\u201cNosso compromisso \u00e9 garantir o direito de ir e vir dos moradores da Cabeceira do Sana. J\u00e1 estamos avan\u00e7ando nos tr\u00e2mites para viabilizar a constru\u00e7\u00e3o de uma ponte definitiva, trazendo uma solu\u00e7\u00e3o segura e permanente para a comunidade\u201d, completou Welberth.<\/p>\n","protected":false},"excerpt":{"rendered":"<p>O prefeito de Maca\u00e9, Welberth Rezende (CIDADANIA), esteve na Cabeceira do Sana na manh\u00e3 dessa ter\u00e7a-feira, 10, para tratar da constru\u00e7\u00e3o de uma nova ponte para passagem de ve\u00edculos que substitua a antiga ponte. Durante a visita \u00e0 regi\u00e3o serrana do munic\u00edpio, o prefeito esteve acompanhado do secret\u00e1rio executivo de Servi\u00e7os P\u00fablicos, Rodrigo Silva, al\u00e9m [&hellip;]<\/p>\n","protected":false},"author":2,"featured_media":30907,"comment_status":"open","ping_status":"open","sticky":false,"template":"","format":"standard","meta":{"footnotes":""},"categories":[2979,2],"tags":[3264],"class_list":["post-30898","post","type-post","status-publish","format-standard","has-post-thumbnail","hentry","category-destaque-noticia-1","category-macae","tag-welberth-visita-cabeceira-do-sana"],"_links":{"self":[{"href":"https:\/\/blogdodanielgalvao.com.br\/site\/wp-json\/wp\/v2\/posts\/30898","targetHints":{"allow":["GET"]}}],"collection":[{"href":"https:\/\/blogdodanielgalvao.com.br\/site\/wp-json\/wp\/v2\/posts"}],"about":[{"href":"https:\/\/blogdodanielgalvao.com.br\/site\/wp-json\/wp\/v2\/types\/post"}],"author":[{"embeddable":true,"href":"https:\/\/blogdodanielgalvao.com.br\/site\/wp-json\/wp\/v2\/users\/2"}],"replies":[{"embeddable":true,"href":"https:\/\/blogdodanielgalvao.com.br\/site\/wp-json\/wp\/v2\/comments?post=30898"}],"version-history":[{"count":1,"href":"https:\/\/blogdodanielgalvao.com.br\/site\/wp-json\/wp\/v2\/posts\/30898\/revisions"}],"predecessor-version":[{"id":30908,"href":"https:\/\/blogdodanielgalvao.com.br\/site\/wp-json\/wp\/v2\/posts\/30898\/revisions\/30908"}],"wp:featuredmedia":[{"embeddable":true,"href":"https:\/\/blogdodanielgalvao.com.br\/site\/wp-json\/wp\/v2\/media\/30907"}],"wp:attachment":[{"href":"https:\/\/blogdodanielgalvao.com.br\/site\/wp-json\/wp\/v2\/media?parent=30898"}],"wp:term":[{"taxonomy":"category","embeddable":true,"href":"https:\/\/blogdodanielgalvao.com.br\/site\/wp-json\/wp\/v2\/categories?post=30898"},{"taxonomy":"post_tag","embeddable":true,"href":"https:\/\/blogdodanielgalvao.com.br\/site\/wp-json\/wp\/v2\/tags?post=30898"}],"curies":[{"name":"wp","href":"https:\/\/api.w.org\/{rel}","templated":true}]}}