{"id":30890,"date":"2026-03-10T13:19:46","date_gmt":"2026-03-10T16:19:46","guid":{"rendered":"https:\/\/blogdodanielgalvao.com.br\/site\/?p=30890"},"modified":"2026-03-10T13:19:50","modified_gmt":"2026-03-10T16:19:50","slug":"projeto-de-iatismo-promove-atividades-em-iguaba-grande-no-dia-internacional-da-mulher","status":"publish","type":"post","link":"https:\/\/blogdodanielgalvao.com.br\/site\/projeto-de-iatismo-promove-atividades-em-iguaba-grande-no-dia-internacional-da-mulher\/","title":{"rendered":"Projeto de iatismo promove atividades em Iguaba Grande no Dia Internacional da Mulher"},"content":{"rendered":"\n<p>Em celebra\u00e7\u00e3o ao Dia Internacional da Mulher, o Projeto de Iatismo de Iguaba Grande promoveu uma programa\u00e7\u00e3o especial ao longo dos dias 7 e 8 de mar\u00e7o, reunindo participantes da iniciativa e moradores do munic\u00edpio.<\/p>\n\n\n\n<p>No domingo (8), as integrantes do projeto participaram de um caf\u00e9 da manh\u00e3 coletivo. O encontro serviu como momento de integra\u00e7\u00e3o entre as atletas, que trocaram experi\u00eancias e conversaram sobre a presen\u00e7a feminina no esporte.<\/p>\n\n\n\n<p>J\u00e1 no s\u00e1bado (7), as participantes disputaram uma regata organizada pela equipe respons\u00e1vel pelo projeto. A atividade reuniu mulheres que fazem parte do grupo de atletas e destacou a pr\u00e1tica do iatismo entre o p\u00fablico feminino.<\/p>\n\n\n\n<p>De acordo com o professor Rico, a proposta da iniciativa \u00e9 ampliar a participa\u00e7\u00e3o das mulheres na modalidade. &#8220;O objetivo \u00e9 mostrar que o iatismo \u00e9 para todos e que as mulheres t\u00eam um papel nesse esporte. Queremos incentivar novas gera\u00e7\u00f5es a participarem e se sentirem representadas&#8221;, afirmou.<\/p>\n\n\n\n<p>As atividades fizeram parte da programa\u00e7\u00e3o comemorativa da data e contaram com a presen\u00e7a de integrantes do projeto e de moradores da cidade.&nbsp;&nbsp;&nbsp;&nbsp;<\/p>\n","protected":false},"excerpt":{"rendered":"<p>Em celebra\u00e7\u00e3o ao Dia Internacional da Mulher, o Projeto de Iatismo de Iguaba Grande promoveu uma programa\u00e7\u00e3o especial ao longo dos dias 7 e 8 de mar\u00e7o, reunindo participantes da iniciativa e moradores do munic\u00edpio. No domingo (8), as integrantes do projeto participaram de um caf\u00e9 da manh\u00e3 coletivo. O encontro serviu como momento de [&hellip;]<\/p>\n","protected":false},"author":2,"featured_media":30891,"comment_status":"open","ping_status":"open","sticky":false,"template":"","format":"standard","meta":{"footnotes":""},"categories":[2983,1999],"tags":[],"class_list":["post-30890","post","type-post","status-publish","format-standard","has-post-thumbnail","hentry","category-destaque-noticia-5","category-iguaba"],"_links":{"self":[{"href":"https:\/\/blogdodanielgalvao.com.br\/site\/wp-json\/wp\/v2\/posts\/30890","targetHints":{"allow":["GET"]}}],"collection":[{"href":"https:\/\/blogdodanielgalvao.com.br\/site\/wp-json\/wp\/v2\/posts"}],"about":[{"href":"https:\/\/blogdodanielgalvao.com.br\/site\/wp-json\/wp\/v2\/types\/post"}],"author":[{"embeddable":true,"href":"https:\/\/blogdodanielgalvao.com.br\/site\/wp-json\/wp\/v2\/users\/2"}],"replies":[{"embeddable":true,"href":"https:\/\/blogdodanielgalvao.com.br\/site\/wp-json\/wp\/v2\/comments?post=30890"}],"version-history":[{"count":1,"href":"https:\/\/blogdodanielgalvao.com.br\/site\/wp-json\/wp\/v2\/posts\/30890\/revisions"}],"predecessor-version":[{"id":30892,"href":"https:\/\/blogdodanielgalvao.com.br\/site\/wp-json\/wp\/v2\/posts\/30890\/revisions\/30892"}],"wp:featuredmedia":[{"embeddable":true,"href":"https:\/\/blogdodanielgalvao.com.br\/site\/wp-json\/wp\/v2\/media\/30891"}],"wp:attachment":[{"href":"https:\/\/blogdodanielgalvao.com.br\/site\/wp-json\/wp\/v2\/media?parent=30890"}],"wp:term":[{"taxonomy":"category","embeddable":true,"href":"https:\/\/blogdodanielgalvao.com.br\/site\/wp-json\/wp\/v2\/categories?post=30890"},{"taxonomy":"post_tag","embeddable":true,"href":"https:\/\/blogdodanielgalvao.com.br\/site\/wp-json\/wp\/v2\/tags?post=30890"}],"curies":[{"name":"wp","href":"https:\/\/api.w.org\/{rel}","templated":true}]}}