{"id":30883,"date":"2026-03-10T12:18:41","date_gmt":"2026-03-10T15:18:41","guid":{"rendered":"https:\/\/blogdodanielgalvao.com.br\/site\/?p=30883"},"modified":"2026-03-10T12:18:44","modified_gmt":"2026-03-10T15:18:44","slug":"pm-intervem-e-evita-possivel-execucao-na-regiao-central-de-armacao-dos-buzios","status":"publish","type":"post","link":"https:\/\/blogdodanielgalvao.com.br\/site\/pm-intervem-e-evita-possivel-execucao-na-regiao-central-de-armacao-dos-buzios\/","title":{"rendered":"PM interv\u00e9m e evita poss\u00edvel execu\u00e7\u00e3o na regi\u00e3o central de Arma\u00e7\u00e3o dos B\u00fazios"},"content":{"rendered":"\n<p>Uma ocorr\u00eancia registrada na noite desta segunda-feira (9) mobilizou equipes do 25\u00ba BPM na regi\u00e3o central de Arma\u00e7\u00e3o dos B\u00fazios e terminou com a interven\u00e7\u00e3o policial que evitou o que poderia se transformar em um homic\u00eddio. O caso aconteceu por volta das 23h, nas proximidades da Praia do Canto.<\/p>\n\n\n\n<p>Segundo a Pol\u00edcia Militar, durante buscas realizadas ap\u00f3s o primeiro atendimento da ocorr\u00eancia, dois homens foram abordados na regi\u00e3o e levados para a 127\u00aa Delegacia de Pol\u00edcia. A dupla foi conduzida junto com uma motocicleta apreendida. Apesar de terem sido inicialmente apontados pela v\u00edtima, ela n\u00e3o conseguiu confirmar a participa\u00e7\u00e3o dos suspeitos nas agress\u00f5es. Ap\u00f3s prestarem depoimento, ambos foram liberados.<\/p>\n\n\n\n<p>De acordo com a corpora\u00e7\u00e3o, a a\u00e7\u00e3o come\u00e7ou quando policiais que realizavam patrulhamento de rotina foram alertados por pessoas que estavam na rua. Os transeuntes relataram que um grupo de homens estaria arrastando um indiv\u00edduo em dire\u00e7\u00e3o ao final da praia, levantando a suspeita de que ele poderia ser executado.<\/p>\n\n\n\n<p>Com base nas informa\u00e7\u00f5es, as equipes seguiram rapidamente at\u00e9 o ponto indicado. Ao entrarem em um beco pr\u00f3ximo \u00e0 faixa de areia, os agentes se depararam com diversos homens agredindo a v\u00edtima.<\/p>\n\n\n\n<p>Ainda conforme a PM, ao perceberem a chegada da viatura, os suspeitos abriram fogo contra os policiais. Diante da situa\u00e7\u00e3o, os agentes reagiram para conter o ataque e proteger tanto a equipe quanto o homem que estava sendo agredido.<\/p>\n\n\n\n<p>Ap\u00f3s a interven\u00e7\u00e3o, um dos envolvidos foi localizado ferido com um disparo na perna. Ele e a v\u00edtima foram socorridos e levados ao Hospital Municipal Dr. Rodolpho Periss\u00e9. A unidade informou que ambos estavam est\u00e1veis e sem risco de morte.<\/p>\n\n\n\n<p>Durante a a\u00e7\u00e3o, duas motocicletas que teriam sido utilizadas pelo grupo foram deixadas para tr\u00e1s e apreendidas pela pol\u00edcia, sendo encaminhadas para per\u00edcia.<\/p>\n\n\n\n<p>No andamento das dilig\u00eancias, um dos suspeitos chegou a ser reconhecido, mas a identidade n\u00e3o foi divulgada para n\u00e3o comprometer as investiga\u00e7\u00f5es. A Pol\u00edcia Militar e a 127\u00aa Delegacia de Pol\u00edcia continuam apurando o caso para identificar todos os participantes da agress\u00e3o.&nbsp;&nbsp;&nbsp;&nbsp;<\/p>\n","protected":false},"excerpt":{"rendered":"<p>Uma ocorr\u00eancia registrada na noite desta segunda-feira (9) mobilizou equipes do 25\u00ba BPM na regi\u00e3o central de Arma\u00e7\u00e3o dos B\u00fazios e terminou com a interven\u00e7\u00e3o policial que evitou o que poderia se transformar em um homic\u00eddio. O caso aconteceu por volta das 23h, nas proximidades da Praia do Canto. Segundo a Pol\u00edcia Militar, durante buscas [&hellip;]<\/p>\n","protected":false},"author":2,"featured_media":30884,"comment_status":"open","ping_status":"open","sticky":false,"template":"","format":"standard","meta":{"footnotes":""},"categories":[824,2982],"tags":[],"class_list":["post-30883","post","type-post","status-publish","format-standard","has-post-thumbnail","hentry","category-buzios","category-destaque-noticia-4"],"_links":{"self":[{"href":"https:\/\/blogdodanielgalvao.com.br\/site\/wp-json\/wp\/v2\/posts\/30883","targetHints":{"allow":["GET"]}}],"collection":[{"href":"https:\/\/blogdodanielgalvao.com.br\/site\/wp-json\/wp\/v2\/posts"}],"about":[{"href":"https:\/\/blogdodanielgalvao.com.br\/site\/wp-json\/wp\/v2\/types\/post"}],"author":[{"embeddable":true,"href":"https:\/\/blogdodanielgalvao.com.br\/site\/wp-json\/wp\/v2\/users\/2"}],"replies":[{"embeddable":true,"href":"https:\/\/blogdodanielgalvao.com.br\/site\/wp-json\/wp\/v2\/comments?post=30883"}],"version-history":[{"count":1,"href":"https:\/\/blogdodanielgalvao.com.br\/site\/wp-json\/wp\/v2\/posts\/30883\/revisions"}],"predecessor-version":[{"id":30885,"href":"https:\/\/blogdodanielgalvao.com.br\/site\/wp-json\/wp\/v2\/posts\/30883\/revisions\/30885"}],"wp:featuredmedia":[{"embeddable":true,"href":"https:\/\/blogdodanielgalvao.com.br\/site\/wp-json\/wp\/v2\/media\/30884"}],"wp:attachment":[{"href":"https:\/\/blogdodanielgalvao.com.br\/site\/wp-json\/wp\/v2\/media?parent=30883"}],"wp:term":[{"taxonomy":"category","embeddable":true,"href":"https:\/\/blogdodanielgalvao.com.br\/site\/wp-json\/wp\/v2\/categories?post=30883"},{"taxonomy":"post_tag","embeddable":true,"href":"https:\/\/blogdodanielgalvao.com.br\/site\/wp-json\/wp\/v2\/tags?post=30883"}],"curies":[{"name":"wp","href":"https:\/\/api.w.org\/{rel}","templated":true}]}}