{"id":30880,"date":"2026-03-10T12:15:00","date_gmt":"2026-03-10T15:15:00","guid":{"rendered":"https:\/\/blogdodanielgalvao.com.br\/site\/?p=30880"},"modified":"2026-03-10T12:15:05","modified_gmt":"2026-03-10T15:15:05","slug":"cabo-frio-suspende-aulas-em-quatro-escolas-devido-as-chuvas","status":"publish","type":"post","link":"https:\/\/blogdodanielgalvao.com.br\/site\/cabo-frio-suspende-aulas-em-quatro-escolas-devido-as-chuvas\/","title":{"rendered":"Cabo Frio suspende aulas em quatro escolas devido as chuvas"},"content":{"rendered":"\n<p>As aulas na rede municipal de ensino de Cabo Frio est\u00e3o mantidas normalmente nesta ter\u00e7a-feira (10), com exce\u00e7\u00e3o de quatro unidades escolares que tiveram as atividades suspensas temporariamente por motivos estruturais e de seguran\u00e7a. A informa\u00e7\u00e3o foi confirmada pela Secretaria Municipal de Educa\u00e7\u00e3o.<\/p>\n\n\n\n<p>Entre as unidades afetadas est\u00e1 a Escola Jos\u00e9 Bonif\u00e1cio, localizada no bairro Jardim Per\u00f3, onde as aulas foram suspensas ao longo de todo o dia em fun\u00e7\u00e3o de obras no telhado. As interven\u00e7\u00f5es visam melhorar o sistema de drenagem da \u00e1gua da chuva e prevenir transtornos provocados por infiltra\u00e7\u00f5es durante per\u00edodos de chuva.<\/p>\n\n\n\n<p>Tamb\u00e9m est\u00e3o com atividades interrompidas as escolas Cil\u00e9a M. Barreto, no Jardim Per\u00f3, e Agrisa, situada na Zona Rural do munic\u00edpio. De acordo com a secretaria, as duas situa\u00e7\u00f5es seguem sendo avaliadas pelas equipes respons\u00e1veis, que acompanham as condi\u00e7\u00f5es estruturais das unidades.<\/p>\n\n\n\n<p>No bairro Jardim Esperan\u00e7a, a Escola Municipal Vereador Leaquim Schuindt teve as aulas suspensas inicialmente apenas no primeiro turno. A medida foi adotada para possibilitar a continuidade das interven\u00e7\u00f5es na rua em frente \u00e0 escola, ap\u00f3s o registro de afundamento de um trecho do asfalto na segunda-feira (9). O caso est\u00e1 sendo acompanhado em conjunto com a Defesa Civil, que avalia as condi\u00e7\u00f5es de seguran\u00e7a para o acesso de alunos e profissionais.<\/p>\n\n\n\n<p>A Secretaria Municipal de Educa\u00e7\u00e3o informou ainda que mant\u00e9m acompanhamento permanente das unidades escolares ap\u00f3s as chuvas registradas na cidade. O \u00f3rg\u00e3o tamb\u00e9m afirma que segue em di\u00e1logo com equipes gestoras das escolas e com a comunidade escolar para garantir condi\u00e7\u00f5es seguras para estudantes e funcion\u00e1rios.<\/p>\n","protected":false},"excerpt":{"rendered":"<p>As aulas na rede municipal de ensino de Cabo Frio est\u00e3o mantidas normalmente nesta ter\u00e7a-feira (10), com exce\u00e7\u00e3o de quatro unidades escolares que tiveram as atividades suspensas temporariamente por motivos estruturais e de seguran\u00e7a. A informa\u00e7\u00e3o foi confirmada pela Secretaria Municipal de Educa\u00e7\u00e3o. Entre as unidades afetadas est\u00e1 a Escola Jos\u00e9 Bonif\u00e1cio, localizada no bairro [&hellip;]<\/p>\n","protected":false},"author":2,"featured_media":30881,"comment_status":"open","ping_status":"open","sticky":false,"template":"","format":"standard","meta":{"footnotes":""},"categories":[340,2981],"tags":[],"class_list":["post-30880","post","type-post","status-publish","format-standard","has-post-thumbnail","hentry","category-cabo-frio","category-destaque-noticia-3"],"_links":{"self":[{"href":"https:\/\/blogdodanielgalvao.com.br\/site\/wp-json\/wp\/v2\/posts\/30880","targetHints":{"allow":["GET"]}}],"collection":[{"href":"https:\/\/blogdodanielgalvao.com.br\/site\/wp-json\/wp\/v2\/posts"}],"about":[{"href":"https:\/\/blogdodanielgalvao.com.br\/site\/wp-json\/wp\/v2\/types\/post"}],"author":[{"embeddable":true,"href":"https:\/\/blogdodanielgalvao.com.br\/site\/wp-json\/wp\/v2\/users\/2"}],"replies":[{"embeddable":true,"href":"https:\/\/blogdodanielgalvao.com.br\/site\/wp-json\/wp\/v2\/comments?post=30880"}],"version-history":[{"count":1,"href":"https:\/\/blogdodanielgalvao.com.br\/site\/wp-json\/wp\/v2\/posts\/30880\/revisions"}],"predecessor-version":[{"id":30882,"href":"https:\/\/blogdodanielgalvao.com.br\/site\/wp-json\/wp\/v2\/posts\/30880\/revisions\/30882"}],"wp:featuredmedia":[{"embeddable":true,"href":"https:\/\/blogdodanielgalvao.com.br\/site\/wp-json\/wp\/v2\/media\/30881"}],"wp:attachment":[{"href":"https:\/\/blogdodanielgalvao.com.br\/site\/wp-json\/wp\/v2\/media?parent=30880"}],"wp:term":[{"taxonomy":"category","embeddable":true,"href":"https:\/\/blogdodanielgalvao.com.br\/site\/wp-json\/wp\/v2\/categories?post=30880"},{"taxonomy":"post_tag","embeddable":true,"href":"https:\/\/blogdodanielgalvao.com.br\/site\/wp-json\/wp\/v2\/tags?post=30880"}],"curies":[{"name":"wp","href":"https:\/\/api.w.org\/{rel}","templated":true}]}}