{"id":30866,"date":"2026-03-09T17:50:24","date_gmt":"2026-03-09T20:50:24","guid":{"rendered":"https:\/\/blogdodanielgalvao.com.br\/site\/?p=30866"},"modified":"2026-03-09T17:50:29","modified_gmt":"2026-03-09T20:50:29","slug":"rio-das-ostras-propoem-mutirao-em-reuniao-com-a-enel-para-evitar-novos-apagoes","status":"publish","type":"post","link":"https:\/\/blogdodanielgalvao.com.br\/site\/rio-das-ostras-propoem-mutirao-em-reuniao-com-a-enel-para-evitar-novos-apagoes\/","title":{"rendered":"Rio das Ostras prop\u00f5em mutir\u00e3o em reuni\u00e3o com a Enel para evitar novos apag\u00f5es"},"content":{"rendered":"\n<p>O prefeito de Rio das Ostras, Carlos Augusto (PL), se reuniu com representantes da empresa Enel, concession\u00e1ria de energia el\u00e9trica do munic\u00edpio, para cobrar planejamento de a\u00e7\u00f5es para o restabelecimento dos servi\u00e7os na cidade.<\/p>\n\n\n\n<p>Ainda impactada pelos estragos provocados pelas chuvas da virada do m\u00eas, a cidade sofreu com problemas de ilumina\u00e7\u00e3o na noite desse s\u00e1bado, 7, quando diversos bairros ficaram sem luz durante mais de 6 horas.<\/p>\n\n\n\n<p>Na reuni\u00e3o virtual, que contou com a presen\u00e7a do secret\u00e1rio de Meio Ambiente, Ricardo Torres, o prefeito discutiu a\u00e7\u00f5es como a poda de \u00e1rvores que podem causar a interrup\u00e7\u00e3o no fornecimento de energia durante temporais.<\/p>\n\n\n\n<p>\u201cEsse trabalho preventivo precisa acontecer com planejamento, frequ\u00eancia e responsabilidade. N\u00e3o d\u00e1 para agir s\u00f3 depois do problema. \u00c9 preciso antecipar, prevenir e garantir mais seguran\u00e7a para as fam\u00edlias de Rio das Ostras. Seguiremos cobrando, acompanhando e exigindo das concession\u00e1rias o respeito que a nossa cidade merece\u201d, afirmou Carlos Augusto, em publica\u00e7\u00e3o nas redes sociais.<\/p>\n\n\n\n<p>Segundo a Coordenadoria de Prote\u00e7\u00e3o e Defesa do Consumidor (Procon), \u00e9 importante que a popula\u00e7\u00e3o registre suas reclama\u00e7\u00f5es junto ao \u00f3rg\u00e3o, para que os problemas sejam tratados de maneira oficial pelo poder p\u00fablico e institui\u00e7\u00f5es competentes.<\/p>\n\n\n\n<p>\u201c\u00c9 fundamental que a popula\u00e7\u00e3o formalize suas reclama\u00e7\u00f5es junto ao Procon Rio das Ostras. O registro oficial das ocorr\u00eancias permite uma atua\u00e7\u00e3o mais r\u00e1pida e efetiva na defesa dos direitos do consumidor\u201d, completou Carlos Augusto.<\/p>\n","protected":false},"excerpt":{"rendered":"<p>O prefeito de Rio das Ostras, Carlos Augusto (PL), se reuniu com representantes da empresa Enel, concession\u00e1ria de energia el\u00e9trica do munic\u00edpio, para cobrar planejamento de a\u00e7\u00f5es para o restabelecimento dos servi\u00e7os na cidade. Ainda impactada pelos estragos provocados pelas chuvas da virada do m\u00eas, a cidade sofreu com problemas de ilumina\u00e7\u00e3o na noite desse [&hellip;]<\/p>\n","protected":false},"author":2,"featured_media":30867,"comment_status":"open","ping_status":"open","sticky":false,"template":"","format":"standard","meta":{"footnotes":""},"categories":[2978,4],"tags":[],"class_list":["post-30866","post","type-post","status-publish","format-standard","has-post-thumbnail","hentry","category-destaques-topo","category-rio-das-ostras"],"_links":{"self":[{"href":"https:\/\/blogdodanielgalvao.com.br\/site\/wp-json\/wp\/v2\/posts\/30866","targetHints":{"allow":["GET"]}}],"collection":[{"href":"https:\/\/blogdodanielgalvao.com.br\/site\/wp-json\/wp\/v2\/posts"}],"about":[{"href":"https:\/\/blogdodanielgalvao.com.br\/site\/wp-json\/wp\/v2\/types\/post"}],"author":[{"embeddable":true,"href":"https:\/\/blogdodanielgalvao.com.br\/site\/wp-json\/wp\/v2\/users\/2"}],"replies":[{"embeddable":true,"href":"https:\/\/blogdodanielgalvao.com.br\/site\/wp-json\/wp\/v2\/comments?post=30866"}],"version-history":[{"count":1,"href":"https:\/\/blogdodanielgalvao.com.br\/site\/wp-json\/wp\/v2\/posts\/30866\/revisions"}],"predecessor-version":[{"id":30868,"href":"https:\/\/blogdodanielgalvao.com.br\/site\/wp-json\/wp\/v2\/posts\/30866\/revisions\/30868"}],"wp:featuredmedia":[{"embeddable":true,"href":"https:\/\/blogdodanielgalvao.com.br\/site\/wp-json\/wp\/v2\/media\/30867"}],"wp:attachment":[{"href":"https:\/\/blogdodanielgalvao.com.br\/site\/wp-json\/wp\/v2\/media?parent=30866"}],"wp:term":[{"taxonomy":"category","embeddable":true,"href":"https:\/\/blogdodanielgalvao.com.br\/site\/wp-json\/wp\/v2\/categories?post=30866"},{"taxonomy":"post_tag","embeddable":true,"href":"https:\/\/blogdodanielgalvao.com.br\/site\/wp-json\/wp\/v2\/tags?post=30866"}],"curies":[{"name":"wp","href":"https:\/\/api.w.org\/{rel}","templated":true}]}}