{"id":30862,"date":"2026-03-09T17:45:11","date_gmt":"2026-03-09T20:45:11","guid":{"rendered":"https:\/\/blogdodanielgalvao.com.br\/site\/?p=30862"},"modified":"2026-03-09T17:45:17","modified_gmt":"2026-03-09T20:45:17","slug":"emart-em-macae-esta-com-inscricoes-abertas-para-turmas-do-curso-livre-de-teatro","status":"publish","type":"post","link":"https:\/\/blogdodanielgalvao.com.br\/site\/emart-em-macae-esta-com-inscricoes-abertas-para-turmas-do-curso-livre-de-teatro\/","title":{"rendered":"Emart, em Maca\u00e9, est\u00e1 com inscri\u00e7\u00f5es abertas para turmas do curso livre de teatro"},"content":{"rendered":"\n<p>A Escola Municipal de Artes Maria Jos\u00e9 Guedes (EMART), abriu, nessa segunda-feira, 9, as inscri\u00e7\u00f5es para o curso livre de teatro infantil e adolescente, que oferece vagas para crian\u00e7as e adolescentes de 8 a 17 anos.<\/p>\n\n\n\n<p>Com turmas infantis, para crian\u00e7as de 8 a 12 anos, e juvenis, para adolescentes de 13 a 17 anos, a escola, que funciona na Avenida Rui Barbosa, 780, no Centro, e \u00e9 vinculada \u00e0 Secretaria de Cultura, ressalta que as vagas ser\u00e3o preenchidas por ordem de chegada, e conforme a disponibilidade de cada turma.<\/p>\n\n\n\n<p>Para fazer a inscri\u00e7\u00e3o, que fica aberta apenas at\u00e9 o pr\u00f3ximo dia 18 de mar\u00e7o, \u00e9 preciso que os respons\u00e1veis apresentam c\u00f3pia da Certid\u00e3o de Nascimento, RG e CPF e duas fotos 3&#215;4 dos alunos ou alunas, al\u00e9m de um documento oficial com foto dos respons\u00e1veis.<\/p>\n\n\n\n<p>\u201cA presen\u00e7a do respons\u00e1vel legal \u00e9 obrigat\u00f3ria no ato da inscri\u00e7\u00e3o para assinatura do termo de responsabilidade, ressalta a prefeitura.<\/p>\n\n\n\n<p>A Secretaria de Cultura lembra ainda que \u00e9 importante que os candidatos e candidatas estejam matriculados na rede de ensino, a partir do 3\u00ba ano do Ensino Fundamental, e tenham a idade m\u00ednima de cada turma completa at\u00e9 o dia 30 de abril desse ano.<\/p>\n","protected":false},"excerpt":{"rendered":"<p>A Escola Municipal de Artes Maria Jos\u00e9 Guedes (EMART), abriu, nessa segunda-feira, 9, as inscri\u00e7\u00f5es para o curso livre de teatro infantil e adolescente, que oferece vagas para crian\u00e7as e adolescentes de 8 a 17 anos. Com turmas infantis, para crian\u00e7as de 8 a 12 anos, e juvenis, para adolescentes de 13 a 17 anos, [&hellip;]<\/p>\n","protected":false},"author":2,"featured_media":30864,"comment_status":"open","ping_status":"open","sticky":false,"template":"","format":"standard","meta":{"footnotes":""},"categories":[2331,2978,2],"tags":[],"class_list":["post-30862","post","type-post","status-publish","format-standard","has-post-thumbnail","hentry","category-cultura","category-destaques-topo","category-macae"],"_links":{"self":[{"href":"https:\/\/blogdodanielgalvao.com.br\/site\/wp-json\/wp\/v2\/posts\/30862","targetHints":{"allow":["GET"]}}],"collection":[{"href":"https:\/\/blogdodanielgalvao.com.br\/site\/wp-json\/wp\/v2\/posts"}],"about":[{"href":"https:\/\/blogdodanielgalvao.com.br\/site\/wp-json\/wp\/v2\/types\/post"}],"author":[{"embeddable":true,"href":"https:\/\/blogdodanielgalvao.com.br\/site\/wp-json\/wp\/v2\/users\/2"}],"replies":[{"embeddable":true,"href":"https:\/\/blogdodanielgalvao.com.br\/site\/wp-json\/wp\/v2\/comments?post=30862"}],"version-history":[{"count":1,"href":"https:\/\/blogdodanielgalvao.com.br\/site\/wp-json\/wp\/v2\/posts\/30862\/revisions"}],"predecessor-version":[{"id":30865,"href":"https:\/\/blogdodanielgalvao.com.br\/site\/wp-json\/wp\/v2\/posts\/30862\/revisions\/30865"}],"wp:featuredmedia":[{"embeddable":true,"href":"https:\/\/blogdodanielgalvao.com.br\/site\/wp-json\/wp\/v2\/media\/30864"}],"wp:attachment":[{"href":"https:\/\/blogdodanielgalvao.com.br\/site\/wp-json\/wp\/v2\/media?parent=30862"}],"wp:term":[{"taxonomy":"category","embeddable":true,"href":"https:\/\/blogdodanielgalvao.com.br\/site\/wp-json\/wp\/v2\/categories?post=30862"},{"taxonomy":"post_tag","embeddable":true,"href":"https:\/\/blogdodanielgalvao.com.br\/site\/wp-json\/wp\/v2\/tags?post=30862"}],"curies":[{"name":"wp","href":"https:\/\/api.w.org\/{rel}","templated":true}]}}