{"id":30859,"date":"2026-03-09T17:06:46","date_gmt":"2026-03-09T20:06:46","guid":{"rendered":"https:\/\/blogdodanielgalvao.com.br\/site\/?p=30859"},"modified":"2026-03-09T17:06:51","modified_gmt":"2026-03-09T20:06:51","slug":"feira-cultural-celebra-o-dia-da-mulher-em-macae-com-diversas-atividades","status":"publish","type":"post","link":"https:\/\/blogdodanielgalvao.com.br\/site\/feira-cultural-celebra-o-dia-da-mulher-em-macae-com-diversas-atividades\/","title":{"rendered":"Feira Cultural celebra o Dia da Mulher em Maca\u00e9 com diversas atividades"},"content":{"rendered":"\n<p>O Dia Internacional da Mulher, celebrado nesse domingo, 8, contou com diversas atividades em Maca\u00e9, como a Feira Cultural da Mulher, realizada no Parquinho da Lagoa, ao lado do Beco das Artes, na Lagoa de Imboassica.<\/p>\n\n\n\n<p>Organizado pela Secretaria de Cultura, o evento teve como objetivo valorizar o protagonismo feminino, promover o bem-estar, incentivar o empreendedorismo feminino, e ampliar o acesso \u00e0 cultura.<\/p>\n\n\n\n<p>\u201cA proposta do evento \u00e9 celebrar o talento, a for\u00e7a e a criatividade das mulheres de Maca\u00e9, promovendo um ambiente de troca, acolhimento e express\u00e3o art\u00edstica. Quando dizemos que \u2018o palco \u00e9 delas\u2019, estamos reafirmando a import\u00e2ncia de valorizar e incentivar a presen\u00e7a feminina em todas as \u00e1reas da cultura e da sociedade\u201d, afirmou a secret\u00e1ria de Cultura, Waleska Freire.<\/p>\n\n\n\n<p>A atividade contou tamb\u00e9m com a participa\u00e7\u00e3o da Secretaria de Pol\u00edticas para as Mulheres, com a distribui\u00e7\u00e3o de materiais informativos sobre a import\u00e2ncia do debate e a conscientiza\u00e7\u00e3o sobre os direitos das mulheres.<\/p>\n\n\n\n<p>Durante a programa\u00e7\u00e3o, a equipe trouxe informa\u00e7\u00f5es, orienta\u00e7\u00f5es e servi\u00e7os voltados \u00e0 promo\u00e7\u00e3o da autonomia, da prote\u00e7\u00e3o e da garantia de direitos, al\u00e9m de discutir temas como igualdade de g\u00eanero, enfrentamento \u00e0 viol\u00eancia e fortalecimento da rede de apoio.<\/p>\n\n\n\n<p>\u201cA presen\u00e7a da Secretaria de Pol\u00edticas para as Mulheres em eventos como este \u00e9 fundamental para estreitar o di\u00e1logo com a popula\u00e7\u00e3o e divulgar os servi\u00e7os voltados \u00e0 garantia de direitos. O Dia Internacional da Mulher tamb\u00e9m \u00e9 um momento de reflex\u00e3o e conscientiza\u00e7\u00e3o sobre igualdade, respeito e enfrentamento \u00e0 viol\u00eancia. Nosso objetivo \u00e9 fortalecer cada vez mais a rede de apoio e incentivar o protagonismo feminino em todos os espa\u00e7os da sociedade\u201d, ressaltou a primeira-dama e secret\u00e1ria de Pol\u00edticas para as Mulheres, Quelen Rezende.<\/p>\n\n\n\n<p>A programa\u00e7\u00e3o teve ainda aula de yoga com a professora Ana Cl\u00e1udia; rodas de conversa com a psic\u00f3loga Rosa Madeira e com a ex-secret\u00e1ria de Pol\u00edticas de Promo\u00e7\u00e3o da Igualdade Racial, Zoraia Braz, e poetizando com media\u00e7\u00e3o de Gerson Dudus.<\/p>\n\n\n\n<p>Na parte da tarde, o p\u00fablico curtiu o Jazz Femme, com a professora Pollyana Valentin, e apresenta\u00e7\u00f5es musicais do evento \u201cO Palco \u00e9 Delas\u201d, al\u00e9m de espa\u00e7o de autocuidado contando com auriculoterapia, massoterapia e a exposi\u00e7\u00e3o \u201cAs Belezas da Cidade de Maca\u00e9\u201d, por Adriana Gon\u00e7alves.<\/p>\n","protected":false},"excerpt":{"rendered":"<p>O Dia Internacional da Mulher, celebrado nesse domingo, 8, contou com diversas atividades em Maca\u00e9, como a Feira Cultural da Mulher, realizada no Parquinho da Lagoa, ao lado do Beco das Artes, na Lagoa de Imboassica. Organizado pela Secretaria de Cultura, o evento teve como objetivo valorizar o protagonismo feminino, promover o bem-estar, incentivar o [&hellip;]<\/p>\n","protected":false},"author":2,"featured_media":30860,"comment_status":"open","ping_status":"open","sticky":false,"template":"","format":"standard","meta":{"footnotes":""},"categories":[2201,2978,2],"tags":[],"class_list":["post-30859","post","type-post","status-publish","format-standard","has-post-thumbnail","hentry","category-cidadania","category-destaques-topo","category-macae"],"_links":{"self":[{"href":"https:\/\/blogdodanielgalvao.com.br\/site\/wp-json\/wp\/v2\/posts\/30859","targetHints":{"allow":["GET"]}}],"collection":[{"href":"https:\/\/blogdodanielgalvao.com.br\/site\/wp-json\/wp\/v2\/posts"}],"about":[{"href":"https:\/\/blogdodanielgalvao.com.br\/site\/wp-json\/wp\/v2\/types\/post"}],"author":[{"embeddable":true,"href":"https:\/\/blogdodanielgalvao.com.br\/site\/wp-json\/wp\/v2\/users\/2"}],"replies":[{"embeddable":true,"href":"https:\/\/blogdodanielgalvao.com.br\/site\/wp-json\/wp\/v2\/comments?post=30859"}],"version-history":[{"count":1,"href":"https:\/\/blogdodanielgalvao.com.br\/site\/wp-json\/wp\/v2\/posts\/30859\/revisions"}],"predecessor-version":[{"id":30861,"href":"https:\/\/blogdodanielgalvao.com.br\/site\/wp-json\/wp\/v2\/posts\/30859\/revisions\/30861"}],"wp:featuredmedia":[{"embeddable":true,"href":"https:\/\/blogdodanielgalvao.com.br\/site\/wp-json\/wp\/v2\/media\/30860"}],"wp:attachment":[{"href":"https:\/\/blogdodanielgalvao.com.br\/site\/wp-json\/wp\/v2\/media?parent=30859"}],"wp:term":[{"taxonomy":"category","embeddable":true,"href":"https:\/\/blogdodanielgalvao.com.br\/site\/wp-json\/wp\/v2\/categories?post=30859"},{"taxonomy":"post_tag","embeddable":true,"href":"https:\/\/blogdodanielgalvao.com.br\/site\/wp-json\/wp\/v2\/tags?post=30859"}],"curies":[{"name":"wp","href":"https:\/\/api.w.org\/{rel}","templated":true}]}}