{"id":30856,"date":"2026-03-09T16:59:38","date_gmt":"2026-03-09T19:59:38","guid":{"rendered":"https:\/\/blogdodanielgalvao.com.br\/site\/?p=30856"},"modified":"2026-03-09T16:59:44","modified_gmt":"2026-03-09T19:59:44","slug":"guardas-municipais-prendem-homem-por-crimes-de-violencia-domestica-em-macae","status":"publish","type":"post","link":"https:\/\/blogdodanielgalvao.com.br\/site\/guardas-municipais-prendem-homem-por-crimes-de-violencia-domestica-em-macae\/","title":{"rendered":"Guardas municipais prendem homem por crimes de viol\u00eancia dom\u00e9stica em Maca\u00e9"},"content":{"rendered":"\n<p>Um homem foi preso em flagrante, nesse s\u00e1bado, 7, \u00e0s v\u00e9speras do Dia Internacional da Mulher, celebrado nesse domingo, 8, depois de invadir a casa, agredir e amea\u00e7ar de morte a ex-companheira, em Maca\u00e9.<\/p>\n\n\n\n<p>O caso aconteceu depois que o criminoso, que n\u00e3o aceitava o fim do relacionamento, invadiu a casa da ex na Praia Campista, agredindo com empurr\u00f5es e tapas, e amea\u00e7ando a mulher de morte fazendo uso de uma faca.<\/p>\n\n\n\n<p>A pris\u00e3o do agressor aconteceu depois que a v\u00edtima conseguiu fugir da casa e pedir ajuda, acionando guardas municipais do Grupamento de Apoio Operacional (GAOP), que iniciaram buscas pela regi\u00e3o atr\u00e1s do criminoso.<\/p>\n\n\n\n<p>De acordo com a Guarda Municipal, o homem teria tentado fugir subindo no telhado da casa onde estava escondido, amea\u00e7ando os guardas com um peda\u00e7o de telha antes de ser contido com uso de for\u00e7a n\u00e3o letal e capturado.<\/p>\n\n\n\n<p>Depois de receber atendimento m\u00e9dico, o criminoso foi levado para a 123\u00aa Delegacia de Pol\u00edcia Civil (123\u00aa DP), de Maca\u00e9, onde foi autuado em flagrante pelos crimes de les\u00e3o corporal no contexto de viol\u00eancia dom\u00e9stica, amea\u00e7a, viola\u00e7\u00e3o de domic\u00edlio e resist\u00eancia, sendo colocado atr\u00e1s das grades.<\/p>\n\n\n\n<p>\u201cA Guarda Municipal de Maca\u00e9 refor\u00e7a que casos de viol\u00eancia dom\u00e9stica devem ser denunciados. A popula\u00e7\u00e3o pode acionar a Guarda pelo telefone 153, canal de atendimento 24 horas. Informa\u00e7\u00f5es tamb\u00e9m podem ser repassadas de forma an\u00f4nima para interromper ciclos de viol\u00eancia e proteger v\u00edtimas\u201d, ressaltou a Guarda.<\/p>\n","protected":false},"excerpt":{"rendered":"<p>Um homem foi preso em flagrante, nesse s\u00e1bado, 7, \u00e0s v\u00e9speras do Dia Internacional da Mulher, celebrado nesse domingo, 8, depois de invadir a casa, agredir e amea\u00e7ar de morte a ex-companheira, em Maca\u00e9. O caso aconteceu depois que o criminoso, que n\u00e3o aceitava o fim do relacionamento, invadiu a casa da ex na Praia [&hellip;]<\/p>\n","protected":false},"author":2,"featured_media":30857,"comment_status":"open","ping_status":"open","sticky":false,"template":"","format":"standard","meta":{"footnotes":""},"categories":[1899],"tags":[],"class_list":["post-30856","post","type-post","status-publish","format-standard","has-post-thumbnail","hentry","category-policia"],"_links":{"self":[{"href":"https:\/\/blogdodanielgalvao.com.br\/site\/wp-json\/wp\/v2\/posts\/30856","targetHints":{"allow":["GET"]}}],"collection":[{"href":"https:\/\/blogdodanielgalvao.com.br\/site\/wp-json\/wp\/v2\/posts"}],"about":[{"href":"https:\/\/blogdodanielgalvao.com.br\/site\/wp-json\/wp\/v2\/types\/post"}],"author":[{"embeddable":true,"href":"https:\/\/blogdodanielgalvao.com.br\/site\/wp-json\/wp\/v2\/users\/2"}],"replies":[{"embeddable":true,"href":"https:\/\/blogdodanielgalvao.com.br\/site\/wp-json\/wp\/v2\/comments?post=30856"}],"version-history":[{"count":1,"href":"https:\/\/blogdodanielgalvao.com.br\/site\/wp-json\/wp\/v2\/posts\/30856\/revisions"}],"predecessor-version":[{"id":30858,"href":"https:\/\/blogdodanielgalvao.com.br\/site\/wp-json\/wp\/v2\/posts\/30856\/revisions\/30858"}],"wp:featuredmedia":[{"embeddable":true,"href":"https:\/\/blogdodanielgalvao.com.br\/site\/wp-json\/wp\/v2\/media\/30857"}],"wp:attachment":[{"href":"https:\/\/blogdodanielgalvao.com.br\/site\/wp-json\/wp\/v2\/media?parent=30856"}],"wp:term":[{"taxonomy":"category","embeddable":true,"href":"https:\/\/blogdodanielgalvao.com.br\/site\/wp-json\/wp\/v2\/categories?post=30856"},{"taxonomy":"post_tag","embeddable":true,"href":"https:\/\/blogdodanielgalvao.com.br\/site\/wp-json\/wp\/v2\/tags?post=30856"}],"curies":[{"name":"wp","href":"https:\/\/api.w.org\/{rel}","templated":true}]}}