{"id":30853,"date":"2026-03-09T16:41:08","date_gmt":"2026-03-09T19:41:08","guid":{"rendered":"https:\/\/blogdodanielgalvao.com.br\/site\/?p=30853"},"modified":"2026-03-09T16:41:13","modified_gmt":"2026-03-09T19:41:13","slug":"confusao-entre-banhistas-termina-em-agressao-na-prainha-em-arraial-do-cabo","status":"publish","type":"post","link":"https:\/\/blogdodanielgalvao.com.br\/site\/confusao-entre-banhistas-termina-em-agressao-na-prainha-em-arraial-do-cabo\/","title":{"rendered":"Confus\u00e3o entre banhistas termina em agress\u00e3o na Prainha em Arraial do Cabo"},"content":{"rendered":"\n<p>Uma confus\u00e3o envolvendo frequentadores da Prainha gerou tens\u00e3o entre banhistas na tarde deste domingo (8), em Arraial do Cabo. O epis\u00f3dio terminou em agress\u00e3o f\u00edsica e provocou correria entre pessoas que estavam na faixa de areia.<\/p>\n\n\n\n<p>Segundo relatos de testemunhas, o tumulto teve in\u00edcio ap\u00f3s uma discuss\u00e3o entre alguns frequentadores da praia. O desentendimento rapidamente se intensificou e evoluiu para confronto f\u00edsico diante de quem estava no local.<\/p>\n\n\n\n<p>Durante a briga, um dos envolvidos utilizou uma cadeira para atingir outro homem na cabe\u00e7a. A cena causou apreens\u00e3o entre banhistas, que se afastaram rapidamente da \u00e1rea ao perceber a gravidade da situa\u00e7\u00e3o.<\/p>\n\n\n\n<p>At\u00e9 o momento, n\u00e3o h\u00e1 informa\u00e7\u00f5es oficiais sobre o estado de sa\u00fade da v\u00edtima atingida nem confirma\u00e7\u00e3o sobre registro formal da ocorr\u00eancia por parte das autoridades de seguran\u00e7a.&nbsp;&nbsp;&nbsp;&nbsp;<\/p>\n","protected":false},"excerpt":{"rendered":"<p>Uma confus\u00e3o envolvendo frequentadores da Prainha gerou tens\u00e3o entre banhistas na tarde deste domingo (8), em Arraial do Cabo. O epis\u00f3dio terminou em agress\u00e3o f\u00edsica e provocou correria entre pessoas que estavam na faixa de areia. Segundo relatos de testemunhas, o tumulto teve in\u00edcio ap\u00f3s uma discuss\u00e3o entre alguns frequentadores da praia. O desentendimento rapidamente [&hellip;]<\/p>\n","protected":false},"author":2,"featured_media":30854,"comment_status":"open","ping_status":"open","sticky":false,"template":"","format":"standard","meta":{"footnotes":""},"categories":[838],"tags":[],"class_list":["post-30853","post","type-post","status-publish","format-standard","has-post-thumbnail","hentry","category-arraial-do-cabo"],"_links":{"self":[{"href":"https:\/\/blogdodanielgalvao.com.br\/site\/wp-json\/wp\/v2\/posts\/30853","targetHints":{"allow":["GET"]}}],"collection":[{"href":"https:\/\/blogdodanielgalvao.com.br\/site\/wp-json\/wp\/v2\/posts"}],"about":[{"href":"https:\/\/blogdodanielgalvao.com.br\/site\/wp-json\/wp\/v2\/types\/post"}],"author":[{"embeddable":true,"href":"https:\/\/blogdodanielgalvao.com.br\/site\/wp-json\/wp\/v2\/users\/2"}],"replies":[{"embeddable":true,"href":"https:\/\/blogdodanielgalvao.com.br\/site\/wp-json\/wp\/v2\/comments?post=30853"}],"version-history":[{"count":1,"href":"https:\/\/blogdodanielgalvao.com.br\/site\/wp-json\/wp\/v2\/posts\/30853\/revisions"}],"predecessor-version":[{"id":30855,"href":"https:\/\/blogdodanielgalvao.com.br\/site\/wp-json\/wp\/v2\/posts\/30853\/revisions\/30855"}],"wp:featuredmedia":[{"embeddable":true,"href":"https:\/\/blogdodanielgalvao.com.br\/site\/wp-json\/wp\/v2\/media\/30854"}],"wp:attachment":[{"href":"https:\/\/blogdodanielgalvao.com.br\/site\/wp-json\/wp\/v2\/media?parent=30853"}],"wp:term":[{"taxonomy":"category","embeddable":true,"href":"https:\/\/blogdodanielgalvao.com.br\/site\/wp-json\/wp\/v2\/categories?post=30853"},{"taxonomy":"post_tag","embeddable":true,"href":"https:\/\/blogdodanielgalvao.com.br\/site\/wp-json\/wp\/v2\/tags?post=30853"}],"curies":[{"name":"wp","href":"https:\/\/api.w.org\/{rel}","templated":true}]}}