{"id":30847,"date":"2026-03-09T15:58:31","date_gmt":"2026-03-09T18:58:31","guid":{"rendered":"https:\/\/blogdodanielgalvao.com.br\/site\/?p=30847"},"modified":"2026-03-09T15:58:37","modified_gmt":"2026-03-09T18:58:37","slug":"jovem-atleta-de-sao-pedro-da-aldeia-conquista-dois-titulos-em-competicoes-de-artes-marciais","status":"publish","type":"post","link":"https:\/\/blogdodanielgalvao.com.br\/site\/jovem-atleta-de-sao-pedro-da-aldeia-conquista-dois-titulos-em-competicoes-de-artes-marciais\/","title":{"rendered":"Jovem atleta de S\u00e3o Pedro da Aldeia conquista dois t\u00edtulos em competi\u00e7\u00f5es de artes marciais"},"content":{"rendered":"\n<p>Ap\u00f3s um fim de semana de grandes conquistas, a jovem atleta Laura Amaral, de apenas 11 anos, j\u00e1 volta o foco para o pr\u00f3ximo desafio no cen\u00e1rio nacional. A competidora se prepara agora para disputar o Campeonato Brasileiro organizado pela Confedera\u00e7\u00e3o Brasileira de Jiu-Jitsu, previsto para acontecer em junho, na cidade de S\u00e3o Paulo.<\/p>\n\n\n\n<p>Para participar da competi\u00e7\u00e3o, a atleta busca patrocinadores e apoiadores que possam colaborar com os custos de viagem, hospedagem e inscri\u00e7\u00e3o no torneio, etapa considerada importante para sua trajet\u00f3ria no esporte.<\/p>\n\n\n\n<p>Moradora de S\u00e3o Pedro da Aldeia, Laura representa a equipe Aldeia Grappling e realiza seus treinamentos sob a orienta\u00e7\u00e3o do professor Revilis Barcelos.<\/p>\n\n\n\n<p>O destaque recente da atleta veio no \u00faltimo fim de semana, quando ela conquistou dois t\u00edtulos em competi\u00e7\u00f5es de artes marciais. Laura venceu o Campeonato Estadual de Jiu-jitsu promovido pela CBJJO e tamb\u00e9m garantiu o primeiro lugar no Campeonato Brasileiro de Luta Livre organizado pela CBLLE.<\/p>\n\n\n\n<p>As vit\u00f3rias consolidam o bom momento da jovem competidora, que vem se destacando nas disputas e ampliando sua presen\u00e7a em eventos importantes do calend\u00e1rio das artes marciais.<\/p>\n","protected":false},"excerpt":{"rendered":"<p>Ap\u00f3s um fim de semana de grandes conquistas, a jovem atleta Laura Amaral, de apenas 11 anos, j\u00e1 volta o foco para o pr\u00f3ximo desafio no cen\u00e1rio nacional. A competidora se prepara agora para disputar o Campeonato Brasileiro organizado pela Confedera\u00e7\u00e3o Brasileira de Jiu-Jitsu, previsto para acontecer em junho, na cidade de S\u00e3o Paulo. Para [&hellip;]<\/p>\n","protected":false},"author":2,"featured_media":30848,"comment_status":"open","ping_status":"open","sticky":false,"template":"","format":"standard","meta":{"footnotes":""},"categories":[2978,1887],"tags":[],"class_list":["post-30847","post","type-post","status-publish","format-standard","has-post-thumbnail","hentry","category-destaques-topo","category-sao-pedro-da-aldeia"],"_links":{"self":[{"href":"https:\/\/blogdodanielgalvao.com.br\/site\/wp-json\/wp\/v2\/posts\/30847","targetHints":{"allow":["GET"]}}],"collection":[{"href":"https:\/\/blogdodanielgalvao.com.br\/site\/wp-json\/wp\/v2\/posts"}],"about":[{"href":"https:\/\/blogdodanielgalvao.com.br\/site\/wp-json\/wp\/v2\/types\/post"}],"author":[{"embeddable":true,"href":"https:\/\/blogdodanielgalvao.com.br\/site\/wp-json\/wp\/v2\/users\/2"}],"replies":[{"embeddable":true,"href":"https:\/\/blogdodanielgalvao.com.br\/site\/wp-json\/wp\/v2\/comments?post=30847"}],"version-history":[{"count":1,"href":"https:\/\/blogdodanielgalvao.com.br\/site\/wp-json\/wp\/v2\/posts\/30847\/revisions"}],"predecessor-version":[{"id":30849,"href":"https:\/\/blogdodanielgalvao.com.br\/site\/wp-json\/wp\/v2\/posts\/30847\/revisions\/30849"}],"wp:featuredmedia":[{"embeddable":true,"href":"https:\/\/blogdodanielgalvao.com.br\/site\/wp-json\/wp\/v2\/media\/30848"}],"wp:attachment":[{"href":"https:\/\/blogdodanielgalvao.com.br\/site\/wp-json\/wp\/v2\/media?parent=30847"}],"wp:term":[{"taxonomy":"category","embeddable":true,"href":"https:\/\/blogdodanielgalvao.com.br\/site\/wp-json\/wp\/v2\/categories?post=30847"},{"taxonomy":"post_tag","embeddable":true,"href":"https:\/\/blogdodanielgalvao.com.br\/site\/wp-json\/wp\/v2\/tags?post=30847"}],"curies":[{"name":"wp","href":"https:\/\/api.w.org\/{rel}","templated":true}]}}