{"id":30844,"date":"2026-03-09T13:23:05","date_gmt":"2026-03-09T16:23:05","guid":{"rendered":"https:\/\/blogdodanielgalvao.com.br\/site\/?p=30844"},"modified":"2026-03-09T13:23:09","modified_gmt":"2026-03-09T16:23:09","slug":"suspeito-de-violencia-domestica-e-localizado-e-preso-em-cabo-frio-apos-investigacao-policial","status":"publish","type":"post","link":"https:\/\/blogdodanielgalvao.com.br\/site\/suspeito-de-violencia-domestica-e-localizado-e-preso-em-cabo-frio-apos-investigacao-policial\/","title":{"rendered":"Suspeito de viol\u00eancia dom\u00e9stica \u00e9 localizado e preso em Cabo Frio ap\u00f3s investiga\u00e7\u00e3o policial"},"content":{"rendered":"\n<p>Um homem investigado por agredir violentamente a ex-namorada e mant\u00ea-la sob c\u00e1rcere privado foi localizado e preso em Cabo Frio por agentes da Pol\u00edcia Civil do Estado do Rio de Janeiro. A captura foi realizada por policiais da 24\u00aa Delegacia de Pol\u00edcia de Piedade, ap\u00f3s trabalho de investiga\u00e7\u00e3o e levantamento de informa\u00e7\u00f5es de intelig\u00eancia.<\/p>\n\n\n\n<p>Segundo a corpora\u00e7\u00e3o, ap\u00f3s o crime o suspeito deixou a cidade do Rio de Janeiro e passou a se esconder em uma comunidade em Cabo Frio. A partir das dilig\u00eancias conduzidas pela equipe da delegacia, os policiais conseguiram identificar o local onde ele estaria e realizaram o cumprimento do mandado de pris\u00e3o preventiva expedido pela Justi\u00e7a.<\/p>\n\n\n\n<p>A ordem judicial foi emitida em decorr\u00eancia de um epis\u00f3dio de viol\u00eancia dom\u00e9stica ocorrido em mar\u00e7o de 2025 no bairro Rio Comprido, na Zona Norte da capital fluminense. O investigado foi identificado pelas iniciais H.S.J.<\/p>\n\n\n\n<p>De acordo com as apura\u00e7\u00f5es, durante o ataque o homem teria desferido socos, chutes e tamb\u00e9m golpes com peda\u00e7os de madeira contra a v\u00edtima. A mulher sofreu ferimentos graves no rosto, precisou de atendimento m\u00e9dico e chegou a apresentar comprometimento tempor\u00e1rio da vis\u00e3o em raz\u00e3o das les\u00f5es.<\/p>\n\n\n\n<p>As investiga\u00e7\u00f5es tamb\u00e9m apontam que, ap\u00f3s as agress\u00f5es, a v\u00edtima teria sido impedida de sair da resid\u00eancia. Ela permaneceu sob amea\u00e7as e intimida\u00e7\u00f5es por cerca de dois dias, situa\u00e7\u00e3o que caracteriza tamb\u00e9m o crime de c\u00e1rcere privado.<\/p>\n\n\n\n<p>Conforme informou a Pol\u00edcia Civil, o suspeito dever\u00e1 responder pelos crimes de les\u00e3o corporal grave no contexto de viol\u00eancia dom\u00e9stica, amea\u00e7a e c\u00e1rcere privado, previstos na Lei Maria da Penha.<\/p>\n\n\n\n<p>A corpora\u00e7\u00e3o destacou que o caso \u00e9 considerado de extrema gravidade, em raz\u00e3o da intensidade das agress\u00f5es e dos danos f\u00edsicos e psicol\u00f3gicos causados \u00e0 v\u00edtima.&nbsp;&nbsp;&nbsp;&nbsp;<\/p>\n","protected":false},"excerpt":{"rendered":"<p>Um homem investigado por agredir violentamente a ex-namorada e mant\u00ea-la sob c\u00e1rcere privado foi localizado e preso em Cabo Frio por agentes da Pol\u00edcia Civil do Estado do Rio de Janeiro. A captura foi realizada por policiais da 24\u00aa Delegacia de Pol\u00edcia de Piedade, ap\u00f3s trabalho de investiga\u00e7\u00e3o e levantamento de informa\u00e7\u00f5es de intelig\u00eancia. Segundo [&hellip;]<\/p>\n","protected":false},"author":2,"featured_media":30845,"comment_status":"open","ping_status":"open","sticky":false,"template":"","format":"standard","meta":{"footnotes":""},"categories":[340],"tags":[],"class_list":["post-30844","post","type-post","status-publish","format-standard","has-post-thumbnail","hentry","category-cabo-frio"],"_links":{"self":[{"href":"https:\/\/blogdodanielgalvao.com.br\/site\/wp-json\/wp\/v2\/posts\/30844","targetHints":{"allow":["GET"]}}],"collection":[{"href":"https:\/\/blogdodanielgalvao.com.br\/site\/wp-json\/wp\/v2\/posts"}],"about":[{"href":"https:\/\/blogdodanielgalvao.com.br\/site\/wp-json\/wp\/v2\/types\/post"}],"author":[{"embeddable":true,"href":"https:\/\/blogdodanielgalvao.com.br\/site\/wp-json\/wp\/v2\/users\/2"}],"replies":[{"embeddable":true,"href":"https:\/\/blogdodanielgalvao.com.br\/site\/wp-json\/wp\/v2\/comments?post=30844"}],"version-history":[{"count":1,"href":"https:\/\/blogdodanielgalvao.com.br\/site\/wp-json\/wp\/v2\/posts\/30844\/revisions"}],"predecessor-version":[{"id":30846,"href":"https:\/\/blogdodanielgalvao.com.br\/site\/wp-json\/wp\/v2\/posts\/30844\/revisions\/30846"}],"wp:featuredmedia":[{"embeddable":true,"href":"https:\/\/blogdodanielgalvao.com.br\/site\/wp-json\/wp\/v2\/media\/30845"}],"wp:attachment":[{"href":"https:\/\/blogdodanielgalvao.com.br\/site\/wp-json\/wp\/v2\/media?parent=30844"}],"wp:term":[{"taxonomy":"category","embeddable":true,"href":"https:\/\/blogdodanielgalvao.com.br\/site\/wp-json\/wp\/v2\/categories?post=30844"},{"taxonomy":"post_tag","embeddable":true,"href":"https:\/\/blogdodanielgalvao.com.br\/site\/wp-json\/wp\/v2\/tags?post=30844"}],"curies":[{"name":"wp","href":"https:\/\/api.w.org\/{rel}","templated":true}]}}