{"id":30835,"date":"2026-03-09T13:14:21","date_gmt":"2026-03-09T16:14:21","guid":{"rendered":"https:\/\/blogdodanielgalvao.com.br\/site\/?p=30835"},"modified":"2026-03-09T13:14:26","modified_gmt":"2026-03-09T16:14:26","slug":"suspensao-das-aulas-da-tarde-em-cabo-frio-ocorre-apos-sequencia-de-chuvas-intensas-no-municipio","status":"publish","type":"post","link":"https:\/\/blogdodanielgalvao.com.br\/site\/suspensao-das-aulas-da-tarde-em-cabo-frio-ocorre-apos-sequencia-de-chuvas-intensas-no-municipio\/","title":{"rendered":"Suspens\u00e3o das aulas da tarde em Cabo Frio ocorre ap\u00f3s sequ\u00eancia de chuvas intensas no munic\u00edpio"},"content":{"rendered":"\n<p>A Prefeitura de Cabo Frio anunciou a suspens\u00e3o das aulas da rede p\u00fablica municipal no turno da tarde desta segunda-feira (9), em raz\u00e3o das fortes chuvas que atingem o munic\u00edpio e das recomenda\u00e7\u00f5es da Defesa Civil. A decis\u00e3o foi comunicada pela Secretaria Municipal de Educa\u00e7\u00e3o como medida preventiva para garantir a seguran\u00e7a de estudantes, respons\u00e1veis e profissionais da rede de ensino.<\/p>\n\n\n\n<p>Nos \u00faltimos dias, o munic\u00edpio tem enfrentado epis\u00f3dios de chuva intensa que provocaram transtornos em diferentes regi\u00f5es da cidade. No fim de fevereiro, por exemplo, um volume significativo de precipita\u00e7\u00e3o foi registrado em poucas horas, com cerca de 32 mil\u00edmetros de chuva apenas em um curto intervalo na regi\u00e3o de Tamoios, o que foi considerado elevado para o per\u00edodo.<\/p>\n\n\n\n<p>Al\u00e9m disso, entre a manh\u00e3 de uma sexta-feira e a madrugada do s\u00e1bado seguinte, Cabo Frio registrou aproximadamente 93 mil\u00edmetros de chuva, um dos maiores volumes observados no estado naquele momento, mobilizando equipes municipais em a\u00e7\u00f5es de monitoramento, drenagem e atendimento \u00e0 popula\u00e7\u00e3o.<\/p>\n\n\n\n<p>As chuvas tamb\u00e9m provocaram alagamentos em alguns pontos da cidade e levaram o munic\u00edpio a manter estado de observa\u00e7\u00e3o, com acompanhamento constante das \u00e1reas mais sens\u00edveis e orienta\u00e7\u00e3o para que a popula\u00e7\u00e3o redobre os cuidados durante os per\u00edodos de instabilidade clim\u00e1tica.<\/p>\n\n\n\n<p>Diante desse cen\u00e1rio e da previs\u00e3o de continuidade das condi\u00e7\u00f5es meteorol\u00f3gicas inst\u00e1veis, a suspens\u00e3o das aulas no per\u00edodo da tarde foi adotada como forma de evitar riscos, principalmente relacionados ao deslocamento de alunos e servidores at\u00e9 as unidades escolares.<\/p>\n\n\n\n<p>A Secretaria de Educa\u00e7\u00e3o informou ainda que segue monitorando a situa\u00e7\u00e3o em conjunto com a Defesa Civil e outros \u00f3rg\u00e3os municipais. Caso haja novas atualiza\u00e7\u00f5es sobre o funcionamento das escolas, a comunidade escolar ser\u00e1 informada por meio dos canais oficiais da Prefeitura de Cabo Frio.&nbsp;&nbsp;&nbsp;&nbsp;<\/p>\n","protected":false},"excerpt":{"rendered":"<p>A Prefeitura de Cabo Frio anunciou a suspens\u00e3o das aulas da rede p\u00fablica municipal no turno da tarde desta segunda-feira (9), em raz\u00e3o das fortes chuvas que atingem o munic\u00edpio e das recomenda\u00e7\u00f5es da Defesa Civil. A decis\u00e3o foi comunicada pela Secretaria Municipal de Educa\u00e7\u00e3o como medida preventiva para garantir a seguran\u00e7a de estudantes, respons\u00e1veis [&hellip;]<\/p>\n","protected":false},"author":2,"featured_media":30836,"comment_status":"open","ping_status":"open","sticky":false,"template":"","format":"standard","meta":{"footnotes":""},"categories":[340,2983],"tags":[],"class_list":["post-30835","post","type-post","status-publish","format-standard","has-post-thumbnail","hentry","category-cabo-frio","category-destaque-noticia-5"],"_links":{"self":[{"href":"https:\/\/blogdodanielgalvao.com.br\/site\/wp-json\/wp\/v2\/posts\/30835","targetHints":{"allow":["GET"]}}],"collection":[{"href":"https:\/\/blogdodanielgalvao.com.br\/site\/wp-json\/wp\/v2\/posts"}],"about":[{"href":"https:\/\/blogdodanielgalvao.com.br\/site\/wp-json\/wp\/v2\/types\/post"}],"author":[{"embeddable":true,"href":"https:\/\/blogdodanielgalvao.com.br\/site\/wp-json\/wp\/v2\/users\/2"}],"replies":[{"embeddable":true,"href":"https:\/\/blogdodanielgalvao.com.br\/site\/wp-json\/wp\/v2\/comments?post=30835"}],"version-history":[{"count":1,"href":"https:\/\/blogdodanielgalvao.com.br\/site\/wp-json\/wp\/v2\/posts\/30835\/revisions"}],"predecessor-version":[{"id":30837,"href":"https:\/\/blogdodanielgalvao.com.br\/site\/wp-json\/wp\/v2\/posts\/30835\/revisions\/30837"}],"wp:featuredmedia":[{"embeddable":true,"href":"https:\/\/blogdodanielgalvao.com.br\/site\/wp-json\/wp\/v2\/media\/30836"}],"wp:attachment":[{"href":"https:\/\/blogdodanielgalvao.com.br\/site\/wp-json\/wp\/v2\/media?parent=30835"}],"wp:term":[{"taxonomy":"category","embeddable":true,"href":"https:\/\/blogdodanielgalvao.com.br\/site\/wp-json\/wp\/v2\/categories?post=30835"},{"taxonomy":"post_tag","embeddable":true,"href":"https:\/\/blogdodanielgalvao.com.br\/site\/wp-json\/wp\/v2\/tags?post=30835"}],"curies":[{"name":"wp","href":"https:\/\/api.w.org\/{rel}","templated":true}]}}