{"id":30825,"date":"2026-03-09T11:38:07","date_gmt":"2026-03-09T14:38:07","guid":{"rendered":"https:\/\/blogdodanielgalvao.com.br\/site\/?p=30825"},"modified":"2026-03-09T11:38:11","modified_gmt":"2026-03-09T14:38:11","slug":"acao-da-pm-apreende-jovens-que-vendiam-drogas-em-comunidade-de-macae","status":"publish","type":"post","link":"https:\/\/blogdodanielgalvao.com.br\/site\/acao-da-pm-apreende-jovens-que-vendiam-drogas-em-comunidade-de-macae\/","title":{"rendered":"A\u00e7\u00e3o da PM apreende jovens que vendiam drogas em comunidade de Maca\u00e9"},"content":{"rendered":"\n<p>Duas a\u00e7\u00f5es da Pol\u00edcia Militar (PM) resultaram na pris\u00e3o de criminosos e na apreens\u00e3o de drogas nesse fim de semana, em Maca\u00e9, no bairro Parque Aeroporto, e na Favela da Linha, na regi\u00e3o dos Cajueiros.<\/p>\n\n\n\n<p>No Aeroporto, policiais do Grupamento de A\u00e7\u00f5es T\u00e1ticas (GAT), da 1\u00aa Companhia (1\u00aa CIA) do 32\u00ba Batalh\u00e3o da PM, prenderam um homem que teria tentado fugir ao perceber a aproxima\u00e7\u00e3o de uma viatura na Pra\u00e7a Nagib Mussi.<\/p>\n\n\n\n<p>Durante a tentativa de fuga, o homem teria tentado se desfazer de uma sacola e uma bolsa, que continham 115 pinos de coca\u00edna com a inscri\u00e7\u00e3o \u201cCEHAB 10 \u2013 CV\u201d, em alus\u00e3o \u00e0 a\u00e7\u00e3o do Comando Vermelho (CV) em uma \u00e1rea pr\u00f3xima do bairro, conhecida como Cehab.<\/p>\n\n\n\n<p>O 2\u00ba caso aconteceu nesse s\u00e1bado, 7, na Favela da Linha, onde policiais receberam uma den\u00fancia an\u00f4nima sobre duas pessoas vendendo drogas e usando um local pr\u00f3ximo \u00e0 linha f\u00e9rrea como esconderijo dos materiais.<\/p>\n\n\n\n<p>Depois de intensificar a\u00e7\u00f5es na localidade, os policiais conseguiram encontrar os 2 homens encontrando tamb\u00e9m uma sacola escondida junto ao trilho do trem que continha 18 c\u00e1psulas de coca\u00edna e 29 pedras de crack, al\u00e9m de 120 reais em dinheiro, 2 telefones celulares e 1 rel\u00f3gio.<\/p>\n\n\n\n<p>Os 2 foram levados para a 123\u00aa Delegacia de Pol\u00edcia Civil (123\u00aa DP), de Maca\u00e9, onde o maior de 18 anos foi preso por tr\u00e1fico de drogas e associa\u00e7\u00e3o para o tr\u00e1fico, enquanto o adolescente foi apreendido por fato an\u00e1logo ao crime de tr\u00e1fico de drogas.<\/p>\n","protected":false},"excerpt":{"rendered":"<p>Duas a\u00e7\u00f5es da Pol\u00edcia Militar (PM) resultaram na pris\u00e3o de criminosos e na apreens\u00e3o de drogas nesse fim de semana, em Maca\u00e9, no bairro Parque Aeroporto, e na Favela da Linha, na regi\u00e3o dos Cajueiros. No Aeroporto, policiais do Grupamento de A\u00e7\u00f5es T\u00e1ticas (GAT), da 1\u00aa Companhia (1\u00aa CIA) do 32\u00ba Batalh\u00e3o da PM, prenderam [&hellip;]<\/p>\n","protected":false},"author":2,"featured_media":30826,"comment_status":"open","ping_status":"open","sticky":false,"template":"","format":"standard","meta":{"footnotes":""},"categories":[1899],"tags":[],"class_list":["post-30825","post","type-post","status-publish","format-standard","has-post-thumbnail","hentry","category-policia"],"_links":{"self":[{"href":"https:\/\/blogdodanielgalvao.com.br\/site\/wp-json\/wp\/v2\/posts\/30825","targetHints":{"allow":["GET"]}}],"collection":[{"href":"https:\/\/blogdodanielgalvao.com.br\/site\/wp-json\/wp\/v2\/posts"}],"about":[{"href":"https:\/\/blogdodanielgalvao.com.br\/site\/wp-json\/wp\/v2\/types\/post"}],"author":[{"embeddable":true,"href":"https:\/\/blogdodanielgalvao.com.br\/site\/wp-json\/wp\/v2\/users\/2"}],"replies":[{"embeddable":true,"href":"https:\/\/blogdodanielgalvao.com.br\/site\/wp-json\/wp\/v2\/comments?post=30825"}],"version-history":[{"count":1,"href":"https:\/\/blogdodanielgalvao.com.br\/site\/wp-json\/wp\/v2\/posts\/30825\/revisions"}],"predecessor-version":[{"id":30827,"href":"https:\/\/blogdodanielgalvao.com.br\/site\/wp-json\/wp\/v2\/posts\/30825\/revisions\/30827"}],"wp:featuredmedia":[{"embeddable":true,"href":"https:\/\/blogdodanielgalvao.com.br\/site\/wp-json\/wp\/v2\/media\/30826"}],"wp:attachment":[{"href":"https:\/\/blogdodanielgalvao.com.br\/site\/wp-json\/wp\/v2\/media?parent=30825"}],"wp:term":[{"taxonomy":"category","embeddable":true,"href":"https:\/\/blogdodanielgalvao.com.br\/site\/wp-json\/wp\/v2\/categories?post=30825"},{"taxonomy":"post_tag","embeddable":true,"href":"https:\/\/blogdodanielgalvao.com.br\/site\/wp-json\/wp\/v2\/tags?post=30825"}],"curies":[{"name":"wp","href":"https:\/\/api.w.org\/{rel}","templated":true}]}}