{"id":30819,"date":"2026-03-09T11:19:36","date_gmt":"2026-03-09T14:19:36","guid":{"rendered":"https:\/\/blogdodanielgalvao.com.br\/site\/?p=30819"},"modified":"2026-03-09T11:19:43","modified_gmt":"2026-03-09T14:19:43","slug":"policia-prende-2-homens-com-mandado-de-prisao-em-aberto-em-macae","status":"publish","type":"post","link":"https:\/\/blogdodanielgalvao.com.br\/site\/policia-prende-2-homens-com-mandado-de-prisao-em-aberto-em-macae\/","title":{"rendered":"Pol\u00edcia prende 2 homens com mandado de pris\u00e3o em aberto em Maca\u00e9"},"content":{"rendered":"\n<p>Policiais do 32\u00ba Batalh\u00e3o da Pol\u00edcia Militar (32\u00ba BPM) prenderam 2 foragidos da Justi\u00e7a nesse fim de semana, em Maca\u00e9, sendo 1 condenado por tr\u00e1fico de drogas e 1 com mandado em aberto por homic\u00eddio qualificado.<\/p>\n\n\n\n<p>O 1\u00ba fugitivo da Justi\u00e7a foi encontrado na \u00faltima sexta-feira, 6, depois que a pol\u00edcia foi chamada por um vizinho que ouviu pedidos de socorro dentro de uma casa na Rua Agripino Francisco Martins, no Centro.<\/p>\n\n\n\n<p>Ao chegarem ao local, os agentes encontraram um morador acamado, rec\u00e9m-operado, que se queixava de dores, percebendo que se tratava de um homem com mandado de pris\u00e3o em aberto por homic\u00eddio qualificado.<\/p>\n\n\n\n<p>A PM informou ainda que o homem tinha ficha corrida, com anota\u00e7\u00f5es criminais por posse ilegal de arma e homic\u00eddio qualificado, al\u00e9m de registro de crime ambiental, sendo levado para a 123\u00aa Delegacia de Pol\u00edcia Civil (123\u00aa DP), de Maca\u00e9, onde foi colocado atr\u00e1s das grades.<\/p>\n\n\n\n<p>J\u00e1 o 2\u00ba fugitivo da Justi\u00e7a foi encontrado nesse domingo, 8, ao dar entrada no Hospital P\u00fablico Municipal (HPM), na Virgem Santa, onde a equipe m\u00e9dica descobriu que ele tinha um mandado de pris\u00e3o em aberto, acionando imediatamente o 32\u00ba BPM.<\/p>\n\n\n\n<p>Chegando ao local, os policiais verificaram que se tratava de um criminoso procurado, condenado pelo crime de tr\u00e1fico de drogas, efetuando assim a pris\u00e3o, e levando o homem para a 123\u00aa DP, onde ele foi colocado atr\u00e1s das grades.<\/p>\n","protected":false},"excerpt":{"rendered":"<p>Policiais do 32\u00ba Batalh\u00e3o da Pol\u00edcia Militar (32\u00ba BPM) prenderam 2 foragidos da Justi\u00e7a nesse fim de semana, em Maca\u00e9, sendo 1 condenado por tr\u00e1fico de drogas e 1 com mandado em aberto por homic\u00eddio qualificado. O 1\u00ba fugitivo da Justi\u00e7a foi encontrado na \u00faltima sexta-feira, 6, depois que a pol\u00edcia foi chamada por um [&hellip;]<\/p>\n","protected":false},"author":2,"featured_media":30820,"comment_status":"open","ping_status":"open","sticky":false,"template":"","format":"standard","meta":{"footnotes":""},"categories":[1899],"tags":[],"class_list":["post-30819","post","type-post","status-publish","format-standard","has-post-thumbnail","hentry","category-policia"],"_links":{"self":[{"href":"https:\/\/blogdodanielgalvao.com.br\/site\/wp-json\/wp\/v2\/posts\/30819","targetHints":{"allow":["GET"]}}],"collection":[{"href":"https:\/\/blogdodanielgalvao.com.br\/site\/wp-json\/wp\/v2\/posts"}],"about":[{"href":"https:\/\/blogdodanielgalvao.com.br\/site\/wp-json\/wp\/v2\/types\/post"}],"author":[{"embeddable":true,"href":"https:\/\/blogdodanielgalvao.com.br\/site\/wp-json\/wp\/v2\/users\/2"}],"replies":[{"embeddable":true,"href":"https:\/\/blogdodanielgalvao.com.br\/site\/wp-json\/wp\/v2\/comments?post=30819"}],"version-history":[{"count":1,"href":"https:\/\/blogdodanielgalvao.com.br\/site\/wp-json\/wp\/v2\/posts\/30819\/revisions"}],"predecessor-version":[{"id":30821,"href":"https:\/\/blogdodanielgalvao.com.br\/site\/wp-json\/wp\/v2\/posts\/30819\/revisions\/30821"}],"wp:featuredmedia":[{"embeddable":true,"href":"https:\/\/blogdodanielgalvao.com.br\/site\/wp-json\/wp\/v2\/media\/30820"}],"wp:attachment":[{"href":"https:\/\/blogdodanielgalvao.com.br\/site\/wp-json\/wp\/v2\/media?parent=30819"}],"wp:term":[{"taxonomy":"category","embeddable":true,"href":"https:\/\/blogdodanielgalvao.com.br\/site\/wp-json\/wp\/v2\/categories?post=30819"},{"taxonomy":"post_tag","embeddable":true,"href":"https:\/\/blogdodanielgalvao.com.br\/site\/wp-json\/wp\/v2\/tags?post=30819"}],"curies":[{"name":"wp","href":"https:\/\/api.w.org\/{rel}","templated":true}]}}