{"id":30809,"date":"2026-03-08T08:09:00","date_gmt":"2026-03-08T11:09:00","guid":{"rendered":"https:\/\/blogdodanielgalvao.com.br\/site\/?p=30809"},"modified":"2026-03-06T17:14:29","modified_gmt":"2026-03-06T20:14:29","slug":"feira-cultural-da-mulher-celebra-dia-da-mulher-em-macae-nesse-domingo-8","status":"publish","type":"post","link":"https:\/\/blogdodanielgalvao.com.br\/site\/feira-cultural-da-mulher-celebra-dia-da-mulher-em-macae-nesse-domingo-8\/","title":{"rendered":"Feira Cultural da Mulher celebra Dia da Mulher em Maca\u00e9 nesse domingo, 8"},"content":{"rendered":"\n<p>O Dia Internacional da Mulher, celebrado nesse domingo, 8 de mar\u00e7o, ter\u00e1 programa\u00e7\u00e3o especial em Maca\u00e9, com a realiza\u00e7\u00e3o da Feira Cultural da Mulher, e uma edi\u00e7\u00e3o especial do evento \u201cO Palco \u00e9 Delas\u201d, que acontece das 9h \u00e0s 17h, no Parquinho da Lagoa, na Lagoa de Imboassica.<\/p>\n\n\n\n<p>Organizado pela Secretaria de Cultura, o evento tem como objetivo valorizar o protagonismo feminino, promover o bem-estar, incentivar o empreendedorismo e ampliar o acesso \u00e0 cultura, especialmente para mulheres de todas as idades.<\/p>\n\n\n\n<p>Repleta de atra\u00e7\u00f5es durante todo o dia, a programa\u00e7\u00e3o contar\u00e1 com aula de ioga, rodas de conversa, poesia, exposi\u00e7\u00e3o, terapias integrativas, apresenta\u00e7\u00f5es musicais, dan\u00e7a e muita gastronomia, com abertura prevista para as 9h.<\/p>\n\n\n\n<p>Entre as atra\u00e7\u00f5es confirmadas est\u00e3o uma aula de ioga com a professora Ana Cl\u00e1udia, um momento \u201cpoetizando com Ad\u00e9lia Prado, Alice Ruiz e Concei\u00e7\u00e3o Evarista\u201d, com media\u00e7\u00e3o de Gerson Dudus, jazz Femme com a professora Pollyana Valentin, a apresenta\u00e7\u00f5es musicais do evento \u201cO Palco \u00e9 Delas\u201d.<\/p>\n\n\n\n<p>Al\u00e9m disso, o evento contar\u00e1 com duas rodas de conversa sobre os temas \u201cQuando a viol\u00eancia atravessa o feminino, precisamos conversar\u201d, com a psic\u00f3loga Rosa Madeira, e \u201cMulheres provedoras de bem-estar\u201d, com Zoraia Braz.<\/p>\n\n\n\n<p>Al\u00e9m disso, a programa\u00e7\u00e3o conta ainda com um Espa\u00e7o de Autocuidado, com auriculoterapia com a terapeuta sist\u00eamica Magda Delfino, e massoterapia com Fabiane Freitas, Andr\u00e9a Teixeira e Miriam Leonardo, e a exposi\u00e7\u00e3o \u201cAs Belezas da Cidade de Maca\u00e9\u201d, por Adriana Gon\u00e7alves.<\/p>\n","protected":false},"excerpt":{"rendered":"<p>O Dia Internacional da Mulher, celebrado nesse domingo, 8 de mar\u00e7o, ter\u00e1 programa\u00e7\u00e3o especial em Maca\u00e9, com a realiza\u00e7\u00e3o da Feira Cultural da Mulher, e uma edi\u00e7\u00e3o especial do evento \u201cO Palco \u00e9 Delas\u201d, que acontece das 9h \u00e0s 17h, no Parquinho da Lagoa, na Lagoa de Imboassica. Organizado pela Secretaria de Cultura, o evento [&hellip;]<\/p>\n","protected":false},"author":2,"featured_media":30810,"comment_status":"open","ping_status":"open","sticky":false,"template":"","format":"standard","meta":{"footnotes":""},"categories":[2331,2978],"tags":[3261],"class_list":["post-30809","post","type-post","status-publish","format-standard","has-post-thumbnail","hentry","category-cultura","category-destaques-topo","tag-feira-cultural-da-mulher-celebra-dia-da-mulher-em-macae"],"_links":{"self":[{"href":"https:\/\/blogdodanielgalvao.com.br\/site\/wp-json\/wp\/v2\/posts\/30809","targetHints":{"allow":["GET"]}}],"collection":[{"href":"https:\/\/blogdodanielgalvao.com.br\/site\/wp-json\/wp\/v2\/posts"}],"about":[{"href":"https:\/\/blogdodanielgalvao.com.br\/site\/wp-json\/wp\/v2\/types\/post"}],"author":[{"embeddable":true,"href":"https:\/\/blogdodanielgalvao.com.br\/site\/wp-json\/wp\/v2\/users\/2"}],"replies":[{"embeddable":true,"href":"https:\/\/blogdodanielgalvao.com.br\/site\/wp-json\/wp\/v2\/comments?post=30809"}],"version-history":[{"count":1,"href":"https:\/\/blogdodanielgalvao.com.br\/site\/wp-json\/wp\/v2\/posts\/30809\/revisions"}],"predecessor-version":[{"id":30811,"href":"https:\/\/blogdodanielgalvao.com.br\/site\/wp-json\/wp\/v2\/posts\/30809\/revisions\/30811"}],"wp:featuredmedia":[{"embeddable":true,"href":"https:\/\/blogdodanielgalvao.com.br\/site\/wp-json\/wp\/v2\/media\/30810"}],"wp:attachment":[{"href":"https:\/\/blogdodanielgalvao.com.br\/site\/wp-json\/wp\/v2\/media?parent=30809"}],"wp:term":[{"taxonomy":"category","embeddable":true,"href":"https:\/\/blogdodanielgalvao.com.br\/site\/wp-json\/wp\/v2\/categories?post=30809"},{"taxonomy":"post_tag","embeddable":true,"href":"https:\/\/blogdodanielgalvao.com.br\/site\/wp-json\/wp\/v2\/tags?post=30809"}],"curies":[{"name":"wp","href":"https:\/\/api.w.org\/{rel}","templated":true}]}}