{"id":30806,"date":"2026-03-07T07:57:00","date_gmt":"2026-03-07T10:57:00","guid":{"rendered":"https:\/\/blogdodanielgalvao.com.br\/site\/?p=30806"},"modified":"2026-03-06T17:04:09","modified_gmt":"2026-03-06T20:04:09","slug":"festa-pelos-30-anos-da-paroquia-santo-antonio-em-macae-acontece-nesse-domingo-8","status":"publish","type":"post","link":"https:\/\/blogdodanielgalvao.com.br\/site\/festa-pelos-30-anos-da-paroquia-santo-antonio-em-macae-acontece-nesse-domingo-8\/","title":{"rendered":"Festa pelos 30 anos da Par\u00f3quia Santo Ant\u00f4nio, em Maca\u00e9, acontece nesse domingo, 8"},"content":{"rendered":"\n<p>A Par\u00f3quia Santo Ant\u00f4nio, no bairro Visconde de Ara\u00fajo, em Maca\u00e9, celebra, nesse domingo, 8, o seu anivers\u00e1rio de 30 anos, com uma programa\u00e7\u00e3o especial que marca n\u00e3o apenas as 3 d\u00e9cadas de hist\u00f3ria, mas o in\u00edcio das obras de constru\u00e7\u00e3o da nova igreja.<\/p>\n\n\n\n<p>Depois do tr\u00edduo, pr\u00e1tica lit\u00fargica cat\u00f3lica que consiste em 3 dias de ora\u00e7\u00e3o e reflex\u00e3o em prepara\u00e7\u00e3o para festas e celebra\u00e7\u00f5es, a Par\u00f3quia Santo Ant\u00f4nio ter\u00e1 uma missa solene nesse domingo, \u00e0s 19h, com a presen\u00e7a do bispo diocesano Dom Pedro Cunha Cruz.<\/p>\n\n\n\n<p>A programa\u00e7\u00e3o inclui ainda um card\u00e1pio especial de almo\u00e7o de anivers\u00e1rio da Par\u00f3quia, com moqueca de peixe e moqueca de banana, preparada pela Fam\u00edlia Esta\u00e7\u00e3o, com m\u00fasica ao vivo a partir das 12h, e tamb\u00e9m com sistema pegue e leve.<\/p>\n\n\n\n<p>\u201cA renda ser\u00e1 revertida para a obra de revestimento de gesso do teto da igreja, etapa importante na constru\u00e7\u00e3o do novo templo. A iniciativa une f\u00e9 e solidariedade, transformando cada prato servido em contribui\u00e7\u00e3o direta para a conclus\u00e3o da obra\u201d, explicou a igreja.<\/p>\n\n\n\n<p>Ainda no domingo, o evento contar\u00e1 com o lan\u00e7amento da \u201cA\u00e7\u00e3o entre Amigos da Festa de Santo Ant\u00f4nio\u201d, agendada para o pr\u00f3ximo m\u00eas de junho, e contar\u00e1 com 10 pr\u00eamios imperd\u00edveis, e cuja renda tamb\u00e9m ser\u00e1 revertida nas obras do novo templo.<\/p>\n\n\n\n<p>Entre os pr\u00eamios estar\u00e3o 1 carro zero quil\u00f4metro (0km), uma moto, 1 iPhone 17 Pro Max, uma Smart TV 50 polegadas, 1 ano de academia gr\u00e1tis, 1 ano de supermercado gr\u00e1tis, vale-compra de roupas, bicicleta, rob\u00f4 aspirador e micro-ondas.<\/p>\n\n\n\n<p>\u201cOs cupons em breve estar\u00e3o dispon\u00edveis por apenas R$ 10. A renda tamb\u00e9m vai para as obras no novo templo\u201d, contou a igreja.<\/p>\n\n\n\n<p>Para o p\u00e1roco padre Gleison Lima, a celebra\u00e7\u00e3o dos 30 anos da Par\u00f3quia Santo Ant\u00f4nio \u00e9 um momento de mem\u00f3ria agradecida e responsabilidade renovada, relembrando o caminho nesses 30 anos de hist\u00f3ria.<\/p>\n\n\n\n<p>\u201c\u00c9 imposs\u00edvel recordar essa caminhada sem agradecer, com carinho e gratid\u00e3o, ao 1\u00ba p\u00e1roco, padre Pedro Jov\u00e9 Casas, que marcou profundamente nossa hist\u00f3ria e deixou saudades. Desde o tempo da pequena igrejinha, passando pelos desafios do terreno tomado pelas formigas, at\u00e9 o sonho que hoje se levanta na edifica\u00e7\u00e3o do novo templo, sua dedica\u00e7\u00e3o permanece como um alicerce espiritual para todos n\u00f3s\u201d, lembrou.<\/p>\n\n\n\n<p>O p\u00e1roco recordou ainda os sacerdotes que deram continuidade \u00e0 miss\u00e3o pastoral e os leigos que sustentaram a vida da par\u00f3quia ao longo dessas 3 d\u00e9cadas, destacando que a hist\u00f3ria \u201cn\u00e3o pertence a uma pessoa, mas a toda a comunidade\u201d, e que a constru\u00e7\u00e3o do novo templo refor\u00e7a o sentido espiritual da obra.<\/p>\n\n\n\n<p>\u201cAo mesmo tempo em que agradecemos o passado, somos chamados a assumir o presente e o futuro. A constru\u00e7\u00e3o da nova igreja n\u00e3o \u00e9 apenas uma obra de concreto; \u00e9 sinal de uma f\u00e9 que continua em movimento. Como nos recorda S\u00e3o Paulo: \u2018V\u00f3s sois a constru\u00e7\u00e3o de Deus\u2019. Temos certeza de que o templo cresce porque o povo cresce na f\u00e9\u201d, completou o padre Gleison.<\/p>\n","protected":false},"excerpt":{"rendered":"<p>A Par\u00f3quia Santo Ant\u00f4nio, no bairro Visconde de Ara\u00fajo, em Maca\u00e9, celebra, nesse domingo, 8, o seu anivers\u00e1rio de 30 anos, com uma programa\u00e7\u00e3o especial que marca n\u00e3o apenas as 3 d\u00e9cadas de hist\u00f3ria, mas o in\u00edcio das obras de constru\u00e7\u00e3o da nova igreja. Depois do tr\u00edduo, pr\u00e1tica lit\u00fargica cat\u00f3lica que consiste em 3 dias [&hellip;]<\/p>\n","protected":false},"author":2,"featured_media":30807,"comment_status":"open","ping_status":"open","sticky":false,"template":"","format":"standard","meta":{"footnotes":""},"categories":[2978,2],"tags":[],"class_list":["post-30806","post","type-post","status-publish","format-standard","has-post-thumbnail","hentry","category-destaques-topo","category-macae"],"_links":{"self":[{"href":"https:\/\/blogdodanielgalvao.com.br\/site\/wp-json\/wp\/v2\/posts\/30806","targetHints":{"allow":["GET"]}}],"collection":[{"href":"https:\/\/blogdodanielgalvao.com.br\/site\/wp-json\/wp\/v2\/posts"}],"about":[{"href":"https:\/\/blogdodanielgalvao.com.br\/site\/wp-json\/wp\/v2\/types\/post"}],"author":[{"embeddable":true,"href":"https:\/\/blogdodanielgalvao.com.br\/site\/wp-json\/wp\/v2\/users\/2"}],"replies":[{"embeddable":true,"href":"https:\/\/blogdodanielgalvao.com.br\/site\/wp-json\/wp\/v2\/comments?post=30806"}],"version-history":[{"count":1,"href":"https:\/\/blogdodanielgalvao.com.br\/site\/wp-json\/wp\/v2\/posts\/30806\/revisions"}],"predecessor-version":[{"id":30808,"href":"https:\/\/blogdodanielgalvao.com.br\/site\/wp-json\/wp\/v2\/posts\/30806\/revisions\/30808"}],"wp:featuredmedia":[{"embeddable":true,"href":"https:\/\/blogdodanielgalvao.com.br\/site\/wp-json\/wp\/v2\/media\/30807"}],"wp:attachment":[{"href":"https:\/\/blogdodanielgalvao.com.br\/site\/wp-json\/wp\/v2\/media?parent=30806"}],"wp:term":[{"taxonomy":"category","embeddable":true,"href":"https:\/\/blogdodanielgalvao.com.br\/site\/wp-json\/wp\/v2\/categories?post=30806"},{"taxonomy":"post_tag","embeddable":true,"href":"https:\/\/blogdodanielgalvao.com.br\/site\/wp-json\/wp\/v2\/tags?post=30806"}],"curies":[{"name":"wp","href":"https:\/\/api.w.org\/{rel}","templated":true}]}}