{"id":30797,"date":"2026-03-06T16:27:41","date_gmt":"2026-03-06T19:27:41","guid":{"rendered":"https:\/\/blogdodanielgalvao.com.br\/site\/?p=30797"},"modified":"2026-03-06T17:47:54","modified_gmt":"2026-03-06T20:47:54","slug":"marcelo-corta-na-propria-carne-para-preservar-contas-e-servicos-para-a-populacao","status":"publish","type":"post","link":"https:\/\/blogdodanielgalvao.com.br\/site\/marcelo-corta-na-propria-carne-para-preservar-contas-e-servicos-para-a-populacao\/","title":{"rendered":"Marcelo \u2018corta na pr\u00f3pria carne\u2019 para preservar contas e servi\u00e7os para a popula\u00e7\u00e3o"},"content":{"rendered":"\n<p>Diante de uma crise financeira que pressionava as contas da Prefeitura, o prefeito de Quissam\u00e3, Marcelo Batista (PP), tomou uma decis\u00e3o dura: a exonera\u00e7\u00e3o de mais de 600 servidores contratados. A medida faz parte de um pacote de ajustes para reorganizar a administra\u00e7\u00e3o municipal e garantir que servi\u00e7os essenciais continuem funcionando para a popula\u00e7\u00e3o.<\/p>\n\n\n\n<p>Segundo o Governo, a a\u00e7\u00e3o buscou preservar \u00e1reas vitais como sa\u00fade, educa\u00e7\u00e3o e limpeza urbana, evitando atrasos salariais e problemas na presta\u00e7\u00e3o de servi\u00e7os que impactam diretamente a vida dos moradores. A gest\u00e3o ressalta que a decis\u00e3o foi tomada para proteger a cidade e n\u00e3o deixar que a crise se agravasse.<\/p>\n\n\n\n<p>Embora a medida tenha gerado cr\u00edticas da oposi\u00e7\u00e3o, especialistas em gest\u00e3o p\u00fablica lembram que ajustes desse tipo s\u00e3o comuns em momentos de desequil\u00edbrio financeiro e que a a\u00e7\u00e3o imediata ajuda a evitar consequ\u00eancias mais graves no futuro. A prioridade, segundo a administra\u00e7\u00e3o, \u00e9 garantir estabilidade fiscal e continuidade de servi\u00e7os essenciais.<\/p>\n\n\n\n<p>Ao optar por enfrentar a crise agora, Marcelo busca transmitir responsabilidade e coragem administrativa, mostrando que governar exige decis\u00f5es dif\u00edceis para manter a cidade funcionando. Em momentos como esse, a a\u00e7\u00e3o firme \u00e9 o caminho para proteger tanto as finan\u00e7as p\u00fablicas quanto a popula\u00e7\u00e3o que depende dos servi\u00e7os municipais.<\/p>\n\n\n\n<p><\/p>\n","protected":false},"excerpt":{"rendered":"<p>Diante de uma crise financeira que pressionava as contas da Prefeitura, o prefeito de Quissam\u00e3, Marcelo Batista (PP), tomou uma decis\u00e3o dura: a exonera\u00e7\u00e3o de mais de 600 servidores contratados. A medida faz parte de um pacote de ajustes para reorganizar a administra\u00e7\u00e3o municipal e garantir que servi\u00e7os essenciais continuem funcionando para a popula\u00e7\u00e3o. Segundo [&hellip;]<\/p>\n","protected":false},"author":2,"featured_media":30798,"comment_status":"open","ping_status":"open","sticky":false,"template":"","format":"standard","meta":{"footnotes":""},"categories":[2979,5],"tags":[],"class_list":["post-30797","post","type-post","status-publish","format-standard","has-post-thumbnail","hentry","category-destaque-noticia-1","category-quissama"],"_links":{"self":[{"href":"https:\/\/blogdodanielgalvao.com.br\/site\/wp-json\/wp\/v2\/posts\/30797","targetHints":{"allow":["GET"]}}],"collection":[{"href":"https:\/\/blogdodanielgalvao.com.br\/site\/wp-json\/wp\/v2\/posts"}],"about":[{"href":"https:\/\/blogdodanielgalvao.com.br\/site\/wp-json\/wp\/v2\/types\/post"}],"author":[{"embeddable":true,"href":"https:\/\/blogdodanielgalvao.com.br\/site\/wp-json\/wp\/v2\/users\/2"}],"replies":[{"embeddable":true,"href":"https:\/\/blogdodanielgalvao.com.br\/site\/wp-json\/wp\/v2\/comments?post=30797"}],"version-history":[{"count":3,"href":"https:\/\/blogdodanielgalvao.com.br\/site\/wp-json\/wp\/v2\/posts\/30797\/revisions"}],"predecessor-version":[{"id":30814,"href":"https:\/\/blogdodanielgalvao.com.br\/site\/wp-json\/wp\/v2\/posts\/30797\/revisions\/30814"}],"wp:featuredmedia":[{"embeddable":true,"href":"https:\/\/blogdodanielgalvao.com.br\/site\/wp-json\/wp\/v2\/media\/30798"}],"wp:attachment":[{"href":"https:\/\/blogdodanielgalvao.com.br\/site\/wp-json\/wp\/v2\/media?parent=30797"}],"wp:term":[{"taxonomy":"category","embeddable":true,"href":"https:\/\/blogdodanielgalvao.com.br\/site\/wp-json\/wp\/v2\/categories?post=30797"},{"taxonomy":"post_tag","embeddable":true,"href":"https:\/\/blogdodanielgalvao.com.br\/site\/wp-json\/wp\/v2\/tags?post=30797"}],"curies":[{"name":"wp","href":"https:\/\/api.w.org\/{rel}","templated":true}]}}