{"id":30790,"date":"2026-03-06T13:34:05","date_gmt":"2026-03-06T16:34:05","guid":{"rendered":"https:\/\/blogdodanielgalvao.com.br\/site\/?p=30790"},"modified":"2026-03-06T13:34:10","modified_gmt":"2026-03-06T16:34:10","slug":"feira-de-adocao-de-caes-e-gatos-acontece-neste-sabado-no-centro-de-cabo-frio","status":"publish","type":"post","link":"https:\/\/blogdodanielgalvao.com.br\/site\/feira-de-adocao-de-caes-e-gatos-acontece-neste-sabado-no-centro-de-cabo-frio\/","title":{"rendered":"Feira de ado\u00e7\u00e3o de c\u00e3es e gatos acontece neste s\u00e1bado no Centro de Cabo Frio"},"content":{"rendered":"\n<p>A Prefeitura de Cabo Frio realiza neste s\u00e1bado (07), das 9h30 \u00e0s 13h, mais uma edi\u00e7\u00e3o da Feira de Ado\u00e7\u00e3o Animal. A iniciativa \u00e9 promovida pela Secretaria de Agricultura e Pesca e acontecer\u00e1 na Rua Itajuru, n\u00ba 68, no Centro da cidade.<\/p>\n\n\n\n<p>A a\u00e7\u00e3o tem como objetivo incentivar a ado\u00e7\u00e3o respons\u00e1vel de c\u00e3es e gatos acolhidos pelo Canil Municipal de Cabo Frio, oferecendo \u00e0 popula\u00e7\u00e3o a oportunidade de conhecer animais que aguardam por um novo lar.<\/p>\n\n\n\n<p>Durante o evento, os interessados poder\u00e3o encontrar pets de diferentes portes, idades e perfis comportamentais. Todos os animais dispon\u00edveis para ado\u00e7\u00e3o j\u00e1 receberam a primeira dose de vacina e seguem sob acompanhamento da equipe veterin\u00e1ria da prefeitura. Ap\u00f3s a ado\u00e7\u00e3o, os novos tutores tamb\u00e9m poder\u00e3o contar com o servi\u00e7o de castra\u00e7\u00e3o gratuita, conforme avalia\u00e7\u00e3o t\u00e9cnica que considera a idade e as condi\u00e7\u00f5es de sa\u00fade do animal.<\/p>\n\n\n\n<p>A superintendente municipal de Prote\u00e7\u00e3o Animal, a m\u00e9dica-veterin\u00e1ria Fenela Assed, destaca a import\u00e2ncia da iniciativa para a vida dos animais resgatados. \u201cA ado\u00e7\u00e3o respons\u00e1vel \u00e9 um gesto de cuidado e compromisso. Nosso trabalho \u00e9 garantir que esses animais estejam preparados para iniciar uma nova fase ao lado de fam\u00edlias que ofere\u00e7am prote\u00e7\u00e3o e carinho\u201d, afirmou.<\/p>\n\n\n\n<p>Para adotar um animal, \u00e9 necess\u00e1rio ter mais de 18 anos e apresentar documento oficial com foto e comprovante de resid\u00eancia.<\/p>\n\n\n\n<p>Mais informa\u00e7\u00f5es sobre a feira e os servi\u00e7os do Canil Municipal podem ser obtidas pelo WhatsApp (22) 99778-2216, somente por mensagens, de segunda a sexta-feira, das 9h \u00e0s 15h, ou pelo e-mail: (<a href=\"mailto:canilmunicipal@cabofrio.rj.gov.br\">canilmunicipal@cabofrio.rj.gov.br<\/a>).<\/p>\n\n\n\n<p><strong>Servi\u00e7o<\/strong><\/p>\n\n\n\n<p>Feira de Ado\u00e7\u00e3o Animal<\/p>\n\n\n\n<p>Data: s\u00e1bado, 07 de mar\u00e7o<\/p>\n\n\n\n<p>Hor\u00e1rio: das 9h30 \u00e0s 13h<\/p>\n\n\n\n<p>Local: Rua Itajuru, n\u00ba 68 \u2013 Centro (em frente \u00e0 loja de ra\u00e7\u00f5es)&nbsp;&nbsp;&nbsp;<\/p>\n","protected":false},"excerpt":{"rendered":"<p>A Prefeitura de Cabo Frio realiza neste s\u00e1bado (07), das 9h30 \u00e0s 13h, mais uma edi\u00e7\u00e3o da Feira de Ado\u00e7\u00e3o Animal. A iniciativa \u00e9 promovida pela Secretaria de Agricultura e Pesca e acontecer\u00e1 na Rua Itajuru, n\u00ba 68, no Centro da cidade. A a\u00e7\u00e3o tem como objetivo incentivar a ado\u00e7\u00e3o respons\u00e1vel de c\u00e3es e gatos [&hellip;]<\/p>\n","protected":false},"author":2,"featured_media":30791,"comment_status":"open","ping_status":"open","sticky":false,"template":"","format":"standard","meta":{"footnotes":""},"categories":[340],"tags":[],"class_list":["post-30790","post","type-post","status-publish","format-standard","has-post-thumbnail","hentry","category-cabo-frio"],"_links":{"self":[{"href":"https:\/\/blogdodanielgalvao.com.br\/site\/wp-json\/wp\/v2\/posts\/30790","targetHints":{"allow":["GET"]}}],"collection":[{"href":"https:\/\/blogdodanielgalvao.com.br\/site\/wp-json\/wp\/v2\/posts"}],"about":[{"href":"https:\/\/blogdodanielgalvao.com.br\/site\/wp-json\/wp\/v2\/types\/post"}],"author":[{"embeddable":true,"href":"https:\/\/blogdodanielgalvao.com.br\/site\/wp-json\/wp\/v2\/users\/2"}],"replies":[{"embeddable":true,"href":"https:\/\/blogdodanielgalvao.com.br\/site\/wp-json\/wp\/v2\/comments?post=30790"}],"version-history":[{"count":1,"href":"https:\/\/blogdodanielgalvao.com.br\/site\/wp-json\/wp\/v2\/posts\/30790\/revisions"}],"predecessor-version":[{"id":30792,"href":"https:\/\/blogdodanielgalvao.com.br\/site\/wp-json\/wp\/v2\/posts\/30790\/revisions\/30792"}],"wp:featuredmedia":[{"embeddable":true,"href":"https:\/\/blogdodanielgalvao.com.br\/site\/wp-json\/wp\/v2\/media\/30791"}],"wp:attachment":[{"href":"https:\/\/blogdodanielgalvao.com.br\/site\/wp-json\/wp\/v2\/media?parent=30790"}],"wp:term":[{"taxonomy":"category","embeddable":true,"href":"https:\/\/blogdodanielgalvao.com.br\/site\/wp-json\/wp\/v2\/categories?post=30790"},{"taxonomy":"post_tag","embeddable":true,"href":"https:\/\/blogdodanielgalvao.com.br\/site\/wp-json\/wp\/v2\/tags?post=30790"}],"curies":[{"name":"wp","href":"https:\/\/api.w.org\/{rel}","templated":true}]}}