{"id":30787,"date":"2026-03-06T13:31:44","date_gmt":"2026-03-06T16:31:44","guid":{"rendered":"https:\/\/blogdodanielgalvao.com.br\/site\/?p=30787"},"modified":"2026-03-06T13:31:50","modified_gmt":"2026-03-06T16:31:50","slug":"procon-de-arraial-do-cabo-organiza-acao-para-regularizacao-de-debitos-durante-a-semana-do-consumidor","status":"publish","type":"post","link":"https:\/\/blogdodanielgalvao.com.br\/site\/procon-de-arraial-do-cabo-organiza-acao-para-regularizacao-de-debitos-durante-a-semana-do-consumidor\/","title":{"rendered":"Procon de Arraial do Cabo organiza a\u00e7\u00e3o para regulariza\u00e7\u00e3o de d\u00e9bitos durante a Semana do Consumidor"},"content":{"rendered":"\n<p>A Secretaria de Prote\u00e7\u00e3o e Defesa do Consumidor de Arraial do Cabo promover\u00e1 uma a\u00e7\u00e3o especial em alus\u00e3o \u00e0 Semana do Consumidor 2026. A iniciativa consiste em um mutir\u00e3o de renegocia\u00e7\u00e3o de d\u00edvidas que contar\u00e1 com a participa\u00e7\u00e3o das concession\u00e1rias Enel e Prolagos.<\/p>\n\n\n\n<p>O atendimento est\u00e1 marcado para o dia 18 de mar\u00e7o, das 9h30 \u00e0s 17h, na sede do Procon de Arraial do Cabo, situada na Rua Ezer Teixeira de Melo, n\u00ba 5, no bairro Praia dos Anjos.<\/p>\n\n\n\n<p>A proposta da a\u00e7\u00e3o \u00e9 permitir que consumidores regularizem pend\u00eancias financeiras diretamente com as concession\u00e1rias, buscando alternativas de negocia\u00e7\u00e3o, parcelamentos e condi\u00e7\u00f5es facilitadas para quita\u00e7\u00e3o de d\u00e9bitos relacionados aos servi\u00e7os de energia el\u00e9trica e abastecimento de \u00e1gua.<\/p>\n\n\n\n<p>O \u00f3rg\u00e3o orienta que os moradores interessados compare\u00e7am ao local munidos de documentos pessoais e de faturas ou comprovantes das d\u00edvidas. A apresenta\u00e7\u00e3o desses documentos contribui para agilizar o atendimento e possibilitar uma an\u00e1lise mais precisa das propostas de acordo.&nbsp;&nbsp;&nbsp;&nbsp;<\/p>\n","protected":false},"excerpt":{"rendered":"<p>A Secretaria de Prote\u00e7\u00e3o e Defesa do Consumidor de Arraial do Cabo promover\u00e1 uma a\u00e7\u00e3o especial em alus\u00e3o \u00e0 Semana do Consumidor 2026. A iniciativa consiste em um mutir\u00e3o de renegocia\u00e7\u00e3o de d\u00edvidas que contar\u00e1 com a participa\u00e7\u00e3o das concession\u00e1rias Enel e Prolagos. O atendimento est\u00e1 marcado para o dia 18 de mar\u00e7o, das 9h30 [&hellip;]<\/p>\n","protected":false},"author":2,"featured_media":30788,"comment_status":"open","ping_status":"open","sticky":false,"template":"","format":"standard","meta":{"footnotes":""},"categories":[838,2983],"tags":[],"class_list":["post-30787","post","type-post","status-publish","format-standard","has-post-thumbnail","hentry","category-arraial-do-cabo","category-destaque-noticia-5"],"_links":{"self":[{"href":"https:\/\/blogdodanielgalvao.com.br\/site\/wp-json\/wp\/v2\/posts\/30787","targetHints":{"allow":["GET"]}}],"collection":[{"href":"https:\/\/blogdodanielgalvao.com.br\/site\/wp-json\/wp\/v2\/posts"}],"about":[{"href":"https:\/\/blogdodanielgalvao.com.br\/site\/wp-json\/wp\/v2\/types\/post"}],"author":[{"embeddable":true,"href":"https:\/\/blogdodanielgalvao.com.br\/site\/wp-json\/wp\/v2\/users\/2"}],"replies":[{"embeddable":true,"href":"https:\/\/blogdodanielgalvao.com.br\/site\/wp-json\/wp\/v2\/comments?post=30787"}],"version-history":[{"count":1,"href":"https:\/\/blogdodanielgalvao.com.br\/site\/wp-json\/wp\/v2\/posts\/30787\/revisions"}],"predecessor-version":[{"id":30789,"href":"https:\/\/blogdodanielgalvao.com.br\/site\/wp-json\/wp\/v2\/posts\/30787\/revisions\/30789"}],"wp:featuredmedia":[{"embeddable":true,"href":"https:\/\/blogdodanielgalvao.com.br\/site\/wp-json\/wp\/v2\/media\/30788"}],"wp:attachment":[{"href":"https:\/\/blogdodanielgalvao.com.br\/site\/wp-json\/wp\/v2\/media?parent=30787"}],"wp:term":[{"taxonomy":"category","embeddable":true,"href":"https:\/\/blogdodanielgalvao.com.br\/site\/wp-json\/wp\/v2\/categories?post=30787"},{"taxonomy":"post_tag","embeddable":true,"href":"https:\/\/blogdodanielgalvao.com.br\/site\/wp-json\/wp\/v2\/tags?post=30787"}],"curies":[{"name":"wp","href":"https:\/\/api.w.org\/{rel}","templated":true}]}}