{"id":30783,"date":"2026-03-06T13:28:31","date_gmt":"2026-03-06T16:28:31","guid":{"rendered":"https:\/\/blogdodanielgalvao.com.br\/site\/?p=30783"},"modified":"2026-03-06T13:28:37","modified_gmt":"2026-03-06T16:28:37","slug":"buzios-promove-agenda-especial-durante-marco-em-homenagem-ao-mes-da-mulher","status":"publish","type":"post","link":"https:\/\/blogdodanielgalvao.com.br\/site\/buzios-promove-agenda-especial-durante-marco-em-homenagem-ao-mes-da-mulher\/","title":{"rendered":"B\u00fazios promove agenda especial durante mar\u00e7o em homenagem ao m\u00eas da mulher"},"content":{"rendered":"\n<p>A programa\u00e7\u00e3o esportiva do m\u00eas ser\u00e1 encerrada no dia 29 de mar\u00e7o com o Circuito XRun Pink Edition, corrida tem\u00e1tica voltada \u00e0 promo\u00e7\u00e3o da sa\u00fade e ao incentivo da participa\u00e7\u00e3o feminina no esporte. Antes disso, outras atividades f\u00edsicas tamb\u00e9m integram a agenda, como o aul\u00e3o \u201cMulher em Movimento\u201d, que ser\u00e1 realizado na Pra\u00e7a da Juventude.<\/p>\n\n\n\n<p>Entre os eventos previstos est\u00e3o ainda iniciativas que valorizam o empreendedorismo e a cultura local. A Feira das Mulheres Cai\u00e7aras re\u00fane gastronomia e artesanato produzidos por moradoras da cidade, enquanto a Feira da Mulher Migrante destaca produtos e servi\u00e7os oferecidos por empreendedoras que vivem no munic\u00edpio. A programa\u00e7\u00e3o tamb\u00e9m inclui uma roda de conversa com mulheres quilombolas de B\u00fazios.<\/p>\n\n\n\n<p>Um dos momentos mais simb\u00f3licos da agenda ser\u00e1 a tradicional puxada de rede realizada por mulheres na Praia da Azeda, atividade que resgata pr\u00e1ticas culturais ligadas \u00e0 hist\u00f3ria da comunidade pesqueira local.<\/p>\n\n\n\n<p>Durante o m\u00eas de mar\u00e7o, o munic\u00edpio de Arma\u00e7\u00e3o dos B\u00fazios promove uma s\u00e9rie de a\u00e7\u00f5es em comemora\u00e7\u00e3o ao Dia Internacional da Mulher. A programa\u00e7\u00e3o contempla atividades nas \u00e1reas de sa\u00fade, cultura, esporte e empreendedorismo feminino, realizadas em diferentes pontos da cidade.<\/p>\n\n\n\n<p>Al\u00e9m das atividades culturais e esportivas, tamb\u00e9m est\u00e3o previstos atendimentos voltados ao bem-estar e ao acolhimento do p\u00fablico feminino, com servi\u00e7os de orienta\u00e7\u00e3o jur\u00eddica, apoio psicossocial e a\u00e7\u00f5es de sa\u00fade.<\/p>\n\n\n\n<p><strong>Confira a programa\u00e7\u00e3o completa:<\/strong><\/p>\n\n\n\n<p>08 de mar\u00e7o | 9h \u00e0s 13h \u2013 a\u00e7\u00e3o de sa\u00fade e bem-estar na Pra\u00e7a Dona Uia (INEFI)<\/p>\n\n\n\n<p>09 de mar\u00e7o | 9h \u00e0s 13h \u2013 atendimento psicossocial e orienta\u00e7\u00e3o jur\u00eddica na Pra\u00e7a Dona Uia (INEFI)<\/p>\n\n\n\n<p>15 de mar\u00e7o | 7h \u2013 puxada de rede realizada por mulheres na Praia da Azeda<\/p>\n\n\n\n<p>16 de mar\u00e7o | 10h \u00e0s 17h \u2013 feira das mulheres cai\u00e7aras com gastronomia e artesanato<\/p>\n\n\n\n<p>22 de mar\u00e7o | 15h \u2013 roda de conversa com mulheres quilombolas de B\u00fazios<\/p>\n\n\n\n<p>23 de mar\u00e7o | 10h \u00e0s 17h \u2013 feira da mulher migrante com exposi\u00e7\u00e3o de produtos e servi\u00e7os<\/p>\n\n\n\n<p>28 de mar\u00e7o | 18h \u2013 aul\u00e3o \u201cmulher em movimento\u201d na Pra\u00e7a da Juventude<\/p>\n\n\n\n<p>29 de mar\u00e7o | 7h \u2013 circuito XRun pink edition encerra a programa\u00e7\u00e3o esportiva do m\u00eas&nbsp;&nbsp;&nbsp;&nbsp;<\/p>\n","protected":false},"excerpt":{"rendered":"<p>A programa\u00e7\u00e3o esportiva do m\u00eas ser\u00e1 encerrada no dia 29 de mar\u00e7o com o Circuito XRun Pink Edition, corrida tem\u00e1tica voltada \u00e0 promo\u00e7\u00e3o da sa\u00fade e ao incentivo da participa\u00e7\u00e3o feminina no esporte. Antes disso, outras atividades f\u00edsicas tamb\u00e9m integram a agenda, como o aul\u00e3o \u201cMulher em Movimento\u201d, que ser\u00e1 realizado na Pra\u00e7a da Juventude. [&hellip;]<\/p>\n","protected":false},"author":2,"featured_media":30784,"comment_status":"open","ping_status":"open","sticky":false,"template":"","format":"standard","meta":{"footnotes":""},"categories":[824,2982],"tags":[],"class_list":["post-30783","post","type-post","status-publish","format-standard","has-post-thumbnail","hentry","category-buzios","category-destaque-noticia-4"],"_links":{"self":[{"href":"https:\/\/blogdodanielgalvao.com.br\/site\/wp-json\/wp\/v2\/posts\/30783","targetHints":{"allow":["GET"]}}],"collection":[{"href":"https:\/\/blogdodanielgalvao.com.br\/site\/wp-json\/wp\/v2\/posts"}],"about":[{"href":"https:\/\/blogdodanielgalvao.com.br\/site\/wp-json\/wp\/v2\/types\/post"}],"author":[{"embeddable":true,"href":"https:\/\/blogdodanielgalvao.com.br\/site\/wp-json\/wp\/v2\/users\/2"}],"replies":[{"embeddable":true,"href":"https:\/\/blogdodanielgalvao.com.br\/site\/wp-json\/wp\/v2\/comments?post=30783"}],"version-history":[{"count":1,"href":"https:\/\/blogdodanielgalvao.com.br\/site\/wp-json\/wp\/v2\/posts\/30783\/revisions"}],"predecessor-version":[{"id":30786,"href":"https:\/\/blogdodanielgalvao.com.br\/site\/wp-json\/wp\/v2\/posts\/30783\/revisions\/30786"}],"wp:featuredmedia":[{"embeddable":true,"href":"https:\/\/blogdodanielgalvao.com.br\/site\/wp-json\/wp\/v2\/media\/30784"}],"wp:attachment":[{"href":"https:\/\/blogdodanielgalvao.com.br\/site\/wp-json\/wp\/v2\/media?parent=30783"}],"wp:term":[{"taxonomy":"category","embeddable":true,"href":"https:\/\/blogdodanielgalvao.com.br\/site\/wp-json\/wp\/v2\/categories?post=30783"},{"taxonomy":"post_tag","embeddable":true,"href":"https:\/\/blogdodanielgalvao.com.br\/site\/wp-json\/wp\/v2\/tags?post=30783"}],"curies":[{"name":"wp","href":"https:\/\/api.w.org\/{rel}","templated":true}]}}