{"id":30780,"date":"2026-03-06T13:22:10","date_gmt":"2026-03-06T16:22:10","guid":{"rendered":"https:\/\/blogdodanielgalvao.com.br\/site\/?p=30780"},"modified":"2026-03-06T13:22:14","modified_gmt":"2026-03-06T16:22:14","slug":"arraial-do-cabo-mantem-desconto-de-7-para-pagamento-do-iptu-ate-10-de-marco","status":"publish","type":"post","link":"https:\/\/blogdodanielgalvao.com.br\/site\/arraial-do-cabo-mantem-desconto-de-7-para-pagamento-do-iptu-ate-10-de-marco\/","title":{"rendered":"Arraial do Cabo mant\u00e9m desconto de 7% para pagamento do IPTU at\u00e9 10 de mar\u00e7o"},"content":{"rendered":"\n<p>Os contribuintes de Arraial do Cabo t\u00eam at\u00e9 o dia 10 de mar\u00e7o para efetuar o pagamento em cota \u00fanica do Imposto Predial e Territorial Urbano (IPTU) 2026 com desconto de 7%. A informa\u00e7\u00e3o foi divulgada pela Prefeitura de Arraial do Cabo, por meio da Secretaria Municipal de Administra\u00e7\u00e3o Tribut\u00e1ria.<\/p>\n\n\n\n<p>A mesma data tamb\u00e9m marca o vencimento da segunda parcela para os moradores que optaram pelo parcelamento do tributo, que pode ser dividido em at\u00e9 dez presta\u00e7\u00f5es ao longo do ano.<\/p>\n\n\n\n<p>Quem n\u00e3o conseguir quitar o imposto dentro desse primeiro prazo ainda ter\u00e1 uma nova oportunidade de pagar em cota \u00fanica com desconto de 5%. Nesse caso, o vencimento ser\u00e1 no dia 10 de abril.<\/p>\n\n\n\n<p>As guias para pagamento do imposto podem ser emitidas pela internet, no site oficial da Prefeitura de Arraial do Cabo. Outra op\u00e7\u00e3o \u00e9 solicitar o documento por meio do Xareuzinho \u2013 Servidor P\u00fablico Virtual, dispon\u00edvel pelo n\u00famero (22) 99998-8566.<\/p>\n\n\n\n<p>Tamb\u00e9m \u00e9 poss\u00edvel realizar atendimento presencial na Secretaria de Administra\u00e7\u00e3o Tribut\u00e1ria, situada na Avenida da Liberdade, s\/n\u00ba, no Centro da cidade, onde os contribuintes podem solicitar a emiss\u00e3o do carn\u00ea f\u00edsico.<\/p>\n\n\n\n<p><strong>Calend\u00e1rio do IPTU 2026<\/strong><\/p>\n\n\n\n<p><strong>Cota \u00fanica<\/strong><\/p>\n\n\n\n<p>7% de desconto \u2013 vencimento em 10\/03\/2026<\/p>\n\n\n\n<p>5% de desconto \u2013 vencimento em 10\/04\/2026&nbsp;&nbsp;&nbsp;&nbsp;<\/p>\n\n\n\n<p><strong>Parcelamento<\/strong><\/p>\n\n\n\n<p>2\u00aa parcela \u2013 10\/03\/2026<\/p>\n\n\n\n<p>3\u00aa parcela \u2013 10\/04\/2026<\/p>\n\n\n\n<p>4\u00aa parcela \u2013 11\/05\/2026<\/p>\n\n\n\n<p>5\u00aa parcela \u2013 10\/06\/2026<\/p>\n\n\n\n<p>6\u00aa parcela \u2013 10\/07\/2026<\/p>\n\n\n\n<p>7\u00aa parcela \u2013 10\/08\/2026<\/p>\n\n\n\n<p>8\u00aa parcela \u2013 10\/09\/2026<\/p>\n\n\n\n<p>9\u00aa parcela \u2013 09\/10\/2026<\/p>\n\n\n\n<p>10\u00aa parcela \u2013 10\/11\/2026&nbsp;&nbsp;&nbsp;&nbsp;<\/p>\n","protected":false},"excerpt":{"rendered":"<p>Os contribuintes de Arraial do Cabo t\u00eam at\u00e9 o dia 10 de mar\u00e7o para efetuar o pagamento em cota \u00fanica do Imposto Predial e Territorial Urbano (IPTU) 2026 com desconto de 7%. A informa\u00e7\u00e3o foi divulgada pela Prefeitura de Arraial do Cabo, por meio da Secretaria Municipal de Administra\u00e7\u00e3o Tribut\u00e1ria. A mesma data tamb\u00e9m marca [&hellip;]<\/p>\n","protected":false},"author":2,"featured_media":30781,"comment_status":"open","ping_status":"open","sticky":false,"template":"","format":"standard","meta":{"footnotes":""},"categories":[838],"tags":[],"class_list":["post-30780","post","type-post","status-publish","format-standard","has-post-thumbnail","hentry","category-arraial-do-cabo"],"_links":{"self":[{"href":"https:\/\/blogdodanielgalvao.com.br\/site\/wp-json\/wp\/v2\/posts\/30780","targetHints":{"allow":["GET"]}}],"collection":[{"href":"https:\/\/blogdodanielgalvao.com.br\/site\/wp-json\/wp\/v2\/posts"}],"about":[{"href":"https:\/\/blogdodanielgalvao.com.br\/site\/wp-json\/wp\/v2\/types\/post"}],"author":[{"embeddable":true,"href":"https:\/\/blogdodanielgalvao.com.br\/site\/wp-json\/wp\/v2\/users\/2"}],"replies":[{"embeddable":true,"href":"https:\/\/blogdodanielgalvao.com.br\/site\/wp-json\/wp\/v2\/comments?post=30780"}],"version-history":[{"count":1,"href":"https:\/\/blogdodanielgalvao.com.br\/site\/wp-json\/wp\/v2\/posts\/30780\/revisions"}],"predecessor-version":[{"id":30782,"href":"https:\/\/blogdodanielgalvao.com.br\/site\/wp-json\/wp\/v2\/posts\/30780\/revisions\/30782"}],"wp:featuredmedia":[{"embeddable":true,"href":"https:\/\/blogdodanielgalvao.com.br\/site\/wp-json\/wp\/v2\/media\/30781"}],"wp:attachment":[{"href":"https:\/\/blogdodanielgalvao.com.br\/site\/wp-json\/wp\/v2\/media?parent=30780"}],"wp:term":[{"taxonomy":"category","embeddable":true,"href":"https:\/\/blogdodanielgalvao.com.br\/site\/wp-json\/wp\/v2\/categories?post=30780"},{"taxonomy":"post_tag","embeddable":true,"href":"https:\/\/blogdodanielgalvao.com.br\/site\/wp-json\/wp\/v2\/tags?post=30780"}],"curies":[{"name":"wp","href":"https:\/\/api.w.org\/{rel}","templated":true}]}}