{"id":30777,"date":"2026-03-06T13:18:58","date_gmt":"2026-03-06T16:18:58","guid":{"rendered":"https:\/\/blogdodanielgalvao.com.br\/site\/?p=30777"},"modified":"2026-03-06T13:19:07","modified_gmt":"2026-03-06T16:19:07","slug":"prefeitura-de-cabo-frio-lanca-selecao-temporaria-para-profissionais-da-rede-municipal-de-ensino","status":"publish","type":"post","link":"https:\/\/blogdodanielgalvao.com.br\/site\/prefeitura-de-cabo-frio-lanca-selecao-temporaria-para-profissionais-da-rede-municipal-de-ensino\/","title":{"rendered":"Prefeitura de Cabo Frio lan\u00e7a sele\u00e7\u00e3o tempor\u00e1ria para profissionais da rede municipal de ensino"},"content":{"rendered":"\n<p>A Prefeitura de Cabo Frio, por meio da Secretaria de Educa\u00e7\u00e3o, iniciou nesta sexta-feira (6), ao meio-dia, o per\u00edodo de inscri\u00e7\u00f5es para um novo processo seletivo simplificado voltado \u00e0 rede municipal de ensino. A sele\u00e7\u00e3o tem como objetivo formar cadastro reserva para contrata\u00e7\u00f5es tempor\u00e1rias nos cargos de auxiliar de classe, professor inspetor escolar e int\u00e9rprete de libras.<\/p>\n\n\n\n<p>Os interessados poder\u00e3o se inscrever at\u00e9 as 17h do dia 10 de mar\u00e7o. O procedimento \u00e9 realizado exclusivamente pela internet, por meio de formul\u00e1rios espec\u00edficos para cada fun\u00e7\u00e3o.&nbsp;&nbsp;&nbsp;&nbsp;<\/p>\n\n\n\n<p>Auxiliar de Classe: (<a href=\"https:\/\/forms.gle\/DtwFFgU5x8rSvi6RA\">https:\/\/forms.gle\/DtwFFgU5x8rSvi6RA<\/a>)<\/p>\n\n\n\n<p>Professor Inspetor Escolar: (<a href=\"https:\/\/forms.gle\/J4awZPKLUt7TSnyb7\">https:\/\/forms.gle\/J4awZPKLUt7TSnyb7<\/a>)<\/p>\n\n\n\n<p>Int\u00e9rprete de Libras: (<a href=\"https:\/\/forms.gle\/rmzBLL1H4FdTsEf46\">https:\/\/forms.gle\/rmzBLL1H4FdTsEf46<\/a>)&nbsp;&nbsp;&nbsp;&nbsp;<\/p>\n\n\n\n<p>O processo seletivo ter\u00e1 car\u00e1ter classificat\u00f3rio e eliminat\u00f3rio. A avalia\u00e7\u00e3o dos candidatos ser\u00e1 baseada nas informa\u00e7\u00f5es fornecidas no momento da inscri\u00e7\u00e3o, al\u00e9m da an\u00e1lise de experi\u00eancia profissional e da pontua\u00e7\u00e3o por t\u00edtulos, seguindo os crit\u00e9rios estabelecidos no edital. As convoca\u00e7\u00f5es ocorrer\u00e3o de forma gradual, em lotes, respeitando a ordem de classifica\u00e7\u00e3o. As contrata\u00e7\u00f5es ter\u00e3o dura\u00e7\u00e3o tempor\u00e1ria e buscam suprir demandas da rede municipal.<\/p>\n\n\n\n<p>Para participar, \u00e9 necess\u00e1rio ter pelo menos 18 anos de idade e cumprir os requisitos de escolaridade e habilita\u00e7\u00e3o exigidos para cada fun\u00e7\u00e3o. A documenta\u00e7\u00e3o comprobat\u00f3ria \u2014 incluindo dados pessoais, certificados de forma\u00e7\u00e3o, experi\u00eancia profissional e t\u00edtulos \u2014 dever\u00e1 ser apresentada no momento da convoca\u00e7\u00e3o.<\/p>\n\n\n\n<p>No caso do cargo de professor inspetor escolar, al\u00e9m da forma\u00e7\u00e3o espec\u00edfica prevista em edital, ser\u00e1 exigida comprova\u00e7\u00e3o m\u00ednima de 24 meses de experi\u00eancia docente em reg\u00eancia de classe.<\/p>\n\n\n\n<p>Durante o preenchimento da inscri\u00e7\u00e3o, candidatos aos cargos de auxiliar de classe e int\u00e9rprete de libras dever\u00e3o escolher entre dois grupos de unidades escolares. O Grupo 1 re\u00fane escolas localizadas em \u00e1reas quilombolas e nas demais unidades do distrito de Tamoios. J\u00e1 o Grupo 2 contempla unidades da regi\u00e3o central e do Grande Jardim. A rela\u00e7\u00e3o completa das escolas est\u00e1 dispon\u00edvel no edital.<\/p>\n\n\n\n<p>O processo tamb\u00e9m garante reserva de vagas para pessoas com defici\u00eancia, candidatos pretos e pardos, ind\u00edgenas e quilombolas, conforme determina a legisla\u00e7\u00e3o vigente. Quem optar por essas vagas participar\u00e1 simultaneamente da disputa na ampla concorr\u00eancia, respeitando a classifica\u00e7\u00e3o obtida.<\/p>\n\n\n\n<p>A Secretaria de Educa\u00e7\u00e3o refor\u00e7a que \u00e9 responsabilidade do candidato acompanhar todas as publica\u00e7\u00f5es e poss\u00edveis atualiza\u00e7\u00f5es relacionadas ao processo seletivo, al\u00e9m de manter os dados de contato atualizados. O Edital n\u00ba 035\/2026 pode ser consultado na \u00edntegra no Di\u00e1rio Oficial do munic\u00edpio.&nbsp;&nbsp;&nbsp;&nbsp;&nbsp;&nbsp;<\/p>\n","protected":false},"excerpt":{"rendered":"<p>A Prefeitura de Cabo Frio, por meio da Secretaria de Educa\u00e7\u00e3o, iniciou nesta sexta-feira (6), ao meio-dia, o per\u00edodo de inscri\u00e7\u00f5es para um novo processo seletivo simplificado voltado \u00e0 rede municipal de ensino. A sele\u00e7\u00e3o tem como objetivo formar cadastro reserva para contrata\u00e7\u00f5es tempor\u00e1rias nos cargos de auxiliar de classe, professor inspetor escolar e int\u00e9rprete [&hellip;]<\/p>\n","protected":false},"author":2,"featured_media":30778,"comment_status":"open","ping_status":"open","sticky":false,"template":"","format":"standard","meta":{"footnotes":""},"categories":[340,2981],"tags":[],"class_list":["post-30777","post","type-post","status-publish","format-standard","has-post-thumbnail","hentry","category-cabo-frio","category-destaque-noticia-3"],"_links":{"self":[{"href":"https:\/\/blogdodanielgalvao.com.br\/site\/wp-json\/wp\/v2\/posts\/30777","targetHints":{"allow":["GET"]}}],"collection":[{"href":"https:\/\/blogdodanielgalvao.com.br\/site\/wp-json\/wp\/v2\/posts"}],"about":[{"href":"https:\/\/blogdodanielgalvao.com.br\/site\/wp-json\/wp\/v2\/types\/post"}],"author":[{"embeddable":true,"href":"https:\/\/blogdodanielgalvao.com.br\/site\/wp-json\/wp\/v2\/users\/2"}],"replies":[{"embeddable":true,"href":"https:\/\/blogdodanielgalvao.com.br\/site\/wp-json\/wp\/v2\/comments?post=30777"}],"version-history":[{"count":1,"href":"https:\/\/blogdodanielgalvao.com.br\/site\/wp-json\/wp\/v2\/posts\/30777\/revisions"}],"predecessor-version":[{"id":30779,"href":"https:\/\/blogdodanielgalvao.com.br\/site\/wp-json\/wp\/v2\/posts\/30777\/revisions\/30779"}],"wp:featuredmedia":[{"embeddable":true,"href":"https:\/\/blogdodanielgalvao.com.br\/site\/wp-json\/wp\/v2\/media\/30778"}],"wp:attachment":[{"href":"https:\/\/blogdodanielgalvao.com.br\/site\/wp-json\/wp\/v2\/media?parent=30777"}],"wp:term":[{"taxonomy":"category","embeddable":true,"href":"https:\/\/blogdodanielgalvao.com.br\/site\/wp-json\/wp\/v2\/categories?post=30777"},{"taxonomy":"post_tag","embeddable":true,"href":"https:\/\/blogdodanielgalvao.com.br\/site\/wp-json\/wp\/v2\/tags?post=30777"}],"curies":[{"name":"wp","href":"https:\/\/api.w.org\/{rel}","templated":true}]}}