{"id":30756,"date":"2026-03-05T18:25:03","date_gmt":"2026-03-05T21:25:03","guid":{"rendered":"https:\/\/blogdodanielgalvao.com.br\/site\/?p=30756"},"modified":"2026-03-05T18:27:53","modified_gmt":"2026-03-05T21:27:53","slug":"bairros-alagados-de-rio-das-ostras-recebem-auxilio-de-caminhao-tanque-do-estado","status":"publish","type":"post","link":"https:\/\/blogdodanielgalvao.com.br\/site\/bairros-alagados-de-rio-das-ostras-recebem-auxilio-de-caminhao-tanque-do-estado\/","title":{"rendered":"Bairros alagados de Rio das Ostras recebem aux\u00edlio de caminh\u00e3o-tanque do Estado"},"content":{"rendered":"\n<p>Ainda lidando com todos os estragos provocados pelas chuvas fortes que atingiram a cidade na \u00faltima semana, Rio das Ostras recebeu um refor\u00e7o importante nas a\u00e7\u00f5es dessa semana, com um caminh\u00e3o-tanque enviado pela Defesa Civil do Estado.<\/p>\n\n\n\n<p>Segundo a prefeitura, o ve\u00edculo, com capacidade para 30 mil litros de \u00e1gua, equipado com uma bomba independente com vaz\u00e3o de 2 mil litros de \u00e1gua por minuto, tra\u00e7\u00e3o 6&#215;4, e motor de 440 cavalos de pot\u00eancia, ser\u00e1 usado no abastecimento de outras unidades.<\/p>\n\n\n\n<p>\u201cA viatura ser\u00e1 utilizada para abastecer os caminh\u00f5es que est\u00e3o lavando as ruas e pr\u00f3prios municipais, agilizando os trabalhos, evitando que esses caminh\u00f5es tenham que se deslocar por longas dist\u00e2ncias para reabastecer\u201d, explicou o munic\u00edpio.<\/p>\n\n\n\n<p>Composto por um Auto Cavalo Mec\u00e2nico (ACM) e um Tanque Reboc\u00e1vel (TR), o autom\u00f3vel \u00e9 fruto de um investimento de cerca de 700 milh\u00f5es de reais realizado pelo Governo do Estado para modernizar a frota da Defesa Civil.<\/p>\n","protected":false},"excerpt":{"rendered":"<p>Ainda lidando com todos os estragos provocados pelas chuvas fortes que atingiram a cidade na \u00faltima semana, Rio das Ostras recebeu um refor\u00e7o importante nas a\u00e7\u00f5es dessa semana, com um caminh\u00e3o-tanque enviado pela Defesa Civil do Estado. Segundo a prefeitura, o ve\u00edculo, com capacidade para 30 mil litros de \u00e1gua, equipado com uma bomba independente [&hellip;]<\/p>\n","protected":false},"author":2,"featured_media":30757,"comment_status":"open","ping_status":"open","sticky":false,"template":"","format":"standard","meta":{"footnotes":""},"categories":[4],"tags":[3259],"class_list":["post-30756","post","type-post","status-publish","format-standard","has-post-thumbnail","hentry","category-rio-das-ostras","tag-defesa-civil-do-estado"],"_links":{"self":[{"href":"https:\/\/blogdodanielgalvao.com.br\/site\/wp-json\/wp\/v2\/posts\/30756","targetHints":{"allow":["GET"]}}],"collection":[{"href":"https:\/\/blogdodanielgalvao.com.br\/site\/wp-json\/wp\/v2\/posts"}],"about":[{"href":"https:\/\/blogdodanielgalvao.com.br\/site\/wp-json\/wp\/v2\/types\/post"}],"author":[{"embeddable":true,"href":"https:\/\/blogdodanielgalvao.com.br\/site\/wp-json\/wp\/v2\/users\/2"}],"replies":[{"embeddable":true,"href":"https:\/\/blogdodanielgalvao.com.br\/site\/wp-json\/wp\/v2\/comments?post=30756"}],"version-history":[{"count":1,"href":"https:\/\/blogdodanielgalvao.com.br\/site\/wp-json\/wp\/v2\/posts\/30756\/revisions"}],"predecessor-version":[{"id":30758,"href":"https:\/\/blogdodanielgalvao.com.br\/site\/wp-json\/wp\/v2\/posts\/30756\/revisions\/30758"}],"wp:featuredmedia":[{"embeddable":true,"href":"https:\/\/blogdodanielgalvao.com.br\/site\/wp-json\/wp\/v2\/media\/30757"}],"wp:attachment":[{"href":"https:\/\/blogdodanielgalvao.com.br\/site\/wp-json\/wp\/v2\/media?parent=30756"}],"wp:term":[{"taxonomy":"category","embeddable":true,"href":"https:\/\/blogdodanielgalvao.com.br\/site\/wp-json\/wp\/v2\/categories?post=30756"},{"taxonomy":"post_tag","embeddable":true,"href":"https:\/\/blogdodanielgalvao.com.br\/site\/wp-json\/wp\/v2\/tags?post=30756"}],"curies":[{"name":"wp","href":"https:\/\/api.w.org\/{rel}","templated":true}]}}