{"id":30754,"date":"2026-03-05T18:16:04","date_gmt":"2026-03-05T21:16:04","guid":{"rendered":"https:\/\/blogdodanielgalvao.com.br\/site\/?p=30754"},"modified":"2026-03-05T18:16:08","modified_gmt":"2026-03-05T21:16:08","slug":"evento-de-turismo-de-aventura-com-trajeto-pela-serra-acontece-em-macae-nesse-fim-de-semana","status":"publish","type":"post","link":"https:\/\/blogdodanielgalvao.com.br\/site\/evento-de-turismo-de-aventura-com-trajeto-pela-serra-acontece-em-macae-nesse-fim-de-semana\/","title":{"rendered":"Evento de turismo de aventura com trajeto pela serra acontece em Maca\u00e9 nesse fim de semana"},"content":{"rendered":"\n<p>Come\u00e7a nessa sexta-feira, 6, a expedi\u00e7\u00e3o \u201cSerra Mar \u2013 Edi\u00e7\u00e3o Sana\u201d, um evento que promete reunir em Maca\u00e9 diversos ve\u00edculos off road, UTVs e quadriciclos multimarcas, refor\u00e7ando a voca\u00e7\u00e3o tur\u00edstica do munic\u00edpio.<\/p>\n\n\n\n<p>Em sua 2\u00aa edi\u00e7\u00e3o, a expedi\u00e7\u00e3o assumir\u00e1 um car\u00e1ter solid\u00e1rio, com arrecada\u00e7\u00e3o de donativos destinados a moradores de \u00e1reas mais afetadas de Rio das Ostras e de cidades de Minas Gerais que foram castigadas pelas fortes chuvas das \u00faltimas semanas.<\/p>\n\n\n\n<p>De acordo com a prefeitura, que lembra que o sucesso da campanha de arrecada\u00e7\u00e3o de donativos que atendeu \u00e0s fam\u00edlias da regi\u00e3o serrana da cidade, os interessados e interessadas podem fazer doa\u00e7\u00f5es de roupas e mantimentos no pr\u00f3prio local de montagem do evento, na Orla dos Cavaleiros.<\/p>\n\n\n\n<p>\u201cAo reunir, em um mesmo territ\u00f3rio, as belezas naturais da regi\u00e3o serrana e o litoral, al\u00e9m de contar com infraestrutura consolidada e ampla rede hoteleira, Maca\u00e9 se mostra um cen\u00e1rio ideal para grandes eventos. A iniciativa da expedi\u00e7\u00e3o fortalece a economia local, impulsiona o setor de servi\u00e7os e amplia a visibilidade tur\u00edstica da cidade, destacando o desenvolvimento do turismo sustent\u00e1vel e promovendo o munic\u00edpio como destino estrat\u00e9gico\u201d, afirmou o munic\u00edpio.<\/p>\n\n\n\n<p>No trajeto est\u00e3o fazendas e estradas vicinais na serra, passando por C\u00f3rrego do Ouro, Trapiche, Glic\u00e9rio e Frade, al\u00e9m do destino final, no Sana, integrando turismo de aventura, confraterniza\u00e7\u00e3o e valoriza\u00e7\u00e3o do meio ambiente e da hist\u00f3ria da regi\u00e3o.<\/p>\n\n\n\n<p>A abertura est\u00e1 marcada para essa sexta-feira, \u00e0s 18h, com recep\u00e7\u00e3o e apresenta\u00e7\u00e3o dos participantes na Praia dos Cavaleiros, al\u00e9m de exposi\u00e7\u00e3o dos ve\u00edculos, mostra de materiais promocionais de patrocinadores e parceiros, al\u00e9m de um encontro em um restaurante apoiador do evento.<\/p>\n\n\n\n<p>\u201cA cidade agrega as belezas da serra e do mar, e ainda vive um novo tempo no turismo n\u00e1utico com uma evolu\u00e7\u00e3o relevante. Desde j\u00e1 agradecemos \u00e0 prefeitura por todo apoio. Al\u00e9m disso, conseguiremos manter todos em seguran\u00e7a, com trechos urbanos sendo percorridos com escolta dos grupamentos\u201d, contou o empres\u00e1rio Juan Magaldi, da Magaldi Sports, que realiza o evento.<\/p>\n\n\n\n<p>O evento conta ainda com apoio das secretarias de Turismo, de Cultura, de Mobilidade Urbana, de Interior, de Sa\u00fade, de Ordem P\u00fablica, de Comunica\u00e7\u00e3o, e de Governo, al\u00e9m da Guarda Municipal, Coordenadoria Especial de Posturas, Pol\u00edcia Militar e Corpo de Bombeiros.<\/p>\n","protected":false},"excerpt":{"rendered":"<p>Come\u00e7a nessa sexta-feira, 6, a expedi\u00e7\u00e3o \u201cSerra Mar \u2013 Edi\u00e7\u00e3o Sana\u201d, um evento que promete reunir em Maca\u00e9 diversos ve\u00edculos off road, UTVs e quadriciclos multimarcas, refor\u00e7ando a voca\u00e7\u00e3o tur\u00edstica do munic\u00edpio. Em sua 2\u00aa edi\u00e7\u00e3o, a expedi\u00e7\u00e3o assumir\u00e1 um car\u00e1ter solid\u00e1rio, com arrecada\u00e7\u00e3o de donativos destinados a moradores de \u00e1reas mais afetadas de Rio [&hellip;]<\/p>\n","protected":false},"author":2,"featured_media":0,"comment_status":"open","ping_status":"open","sticky":false,"template":"","format":"standard","meta":{"footnotes":""},"categories":[2978,2],"tags":[],"class_list":["post-30754","post","type-post","status-publish","format-standard","hentry","category-destaques-topo","category-macae"],"_links":{"self":[{"href":"https:\/\/blogdodanielgalvao.com.br\/site\/wp-json\/wp\/v2\/posts\/30754","targetHints":{"allow":["GET"]}}],"collection":[{"href":"https:\/\/blogdodanielgalvao.com.br\/site\/wp-json\/wp\/v2\/posts"}],"about":[{"href":"https:\/\/blogdodanielgalvao.com.br\/site\/wp-json\/wp\/v2\/types\/post"}],"author":[{"embeddable":true,"href":"https:\/\/blogdodanielgalvao.com.br\/site\/wp-json\/wp\/v2\/users\/2"}],"replies":[{"embeddable":true,"href":"https:\/\/blogdodanielgalvao.com.br\/site\/wp-json\/wp\/v2\/comments?post=30754"}],"version-history":[{"count":1,"href":"https:\/\/blogdodanielgalvao.com.br\/site\/wp-json\/wp\/v2\/posts\/30754\/revisions"}],"predecessor-version":[{"id":30755,"href":"https:\/\/blogdodanielgalvao.com.br\/site\/wp-json\/wp\/v2\/posts\/30754\/revisions\/30755"}],"wp:attachment":[{"href":"https:\/\/blogdodanielgalvao.com.br\/site\/wp-json\/wp\/v2\/media?parent=30754"}],"wp:term":[{"taxonomy":"category","embeddable":true,"href":"https:\/\/blogdodanielgalvao.com.br\/site\/wp-json\/wp\/v2\/categories?post=30754"},{"taxonomy":"post_tag","embeddable":true,"href":"https:\/\/blogdodanielgalvao.com.br\/site\/wp-json\/wp\/v2\/tags?post=30754"}],"curies":[{"name":"wp","href":"https:\/\/api.w.org\/{rel}","templated":true}]}}