{"id":30750,"date":"2026-03-05T18:08:05","date_gmt":"2026-03-05T21:08:05","guid":{"rendered":"https:\/\/blogdodanielgalvao.com.br\/site\/?p=30750"},"modified":"2026-03-05T18:08:09","modified_gmt":"2026-03-05T21:08:09","slug":"guarda-ambiental-e-weatherford-realizam-palestra-sobre-animais-venenosos-em-macae","status":"publish","type":"post","link":"https:\/\/blogdodanielgalvao.com.br\/site\/guarda-ambiental-e-weatherford-realizam-palestra-sobre-animais-venenosos-em-macae\/","title":{"rendered":"Guarda Ambiental e Weatherford realizam palestra sobre animais venenosos em Maca\u00e9"},"content":{"rendered":"\n<p>A Coordenadoria de Educa\u00e7\u00e3o da Guarda Ambiental de Maca\u00e9 promoveu, nessa quarta-feira, 4, uma palestra de conscientiza\u00e7\u00e3o sobre animais pe\u00e7onhentos e venenosos, visando a orienta\u00e7\u00e3o de profissionais sobre os riscos relacionados a esses animais.<\/p>\n\n\n\n<p>Realizado em parceria com a empresa Weatherford, o evento apresentou medidas de preven\u00e7\u00e3o e primeiros socorros em casos de acidentes envolvendo cobras, aranhas e escorpi\u00f5es, comuns em diversas regi\u00f5es.<\/p>\n\n\n\n<p>Contando com especialistas da Guarda Ambiental, a palestra abordou a import\u00e2ncia de reconhecer as diferentes esp\u00e9cies desses animais, al\u00e9m da compreens\u00e3o sobre seus h\u00e1bitos, e as medidas a serem tomadas em caso de situa\u00e7\u00f5es de risco.<\/p>\n\n\n\n<p>Os palestrantes refor\u00e7aram ainda um conjunto de pr\u00e1ticas seguras no ambiente de trabalho e no cotidiano, contribuindo para a preserva\u00e7\u00e3o do meio ambiente e para a seguran\u00e7a da popula\u00e7\u00e3o do munic\u00edpio.<\/p>\n\n\n\n<p>Segundo a prefeitura, a iniciativa refor\u00e7a o compromisso da Weatherford com a sa\u00fade e bem-estar de seus colaboradores, ao mesmo tempo em que promove a educa\u00e7\u00e3o ambiental e a valoriza\u00e7\u00e3o da biodiversidade local.<\/p>\n\n\n\n<p>\u201cCom mais essa parceria, a Secretaria de Ordem P\u00fablica de Maca\u00e9 vem demonstrar que, atrav\u00e9s da Guarda Ambiental, segue apoiando as a\u00e7\u00f5es que promovem informa\u00e7\u00e3o, preven\u00e7\u00e3o e cuidado com a vida e o meio ambiente\u201d, afirmou o munic\u00edpio.<\/p>\n","protected":false},"excerpt":{"rendered":"<p>A Coordenadoria de Educa\u00e7\u00e3o da Guarda Ambiental de Maca\u00e9 promoveu, nessa quarta-feira, 4, uma palestra de conscientiza\u00e7\u00e3o sobre animais pe\u00e7onhentos e venenosos, visando a orienta\u00e7\u00e3o de profissionais sobre os riscos relacionados a esses animais. Realizado em parceria com a empresa Weatherford, o evento apresentou medidas de preven\u00e7\u00e3o e primeiros socorros em casos de acidentes envolvendo [&hellip;]<\/p>\n","protected":false},"author":2,"featured_media":30752,"comment_status":"open","ping_status":"open","sticky":false,"template":"","format":"standard","meta":{"footnotes":""},"categories":[2981,2,1466],"tags":[],"class_list":["post-30750","post","type-post","status-publish","format-standard","has-post-thumbnail","hentry","category-destaque-noticia-3","category-macae","category-meio-ambiente"],"_links":{"self":[{"href":"https:\/\/blogdodanielgalvao.com.br\/site\/wp-json\/wp\/v2\/posts\/30750","targetHints":{"allow":["GET"]}}],"collection":[{"href":"https:\/\/blogdodanielgalvao.com.br\/site\/wp-json\/wp\/v2\/posts"}],"about":[{"href":"https:\/\/blogdodanielgalvao.com.br\/site\/wp-json\/wp\/v2\/types\/post"}],"author":[{"embeddable":true,"href":"https:\/\/blogdodanielgalvao.com.br\/site\/wp-json\/wp\/v2\/users\/2"}],"replies":[{"embeddable":true,"href":"https:\/\/blogdodanielgalvao.com.br\/site\/wp-json\/wp\/v2\/comments?post=30750"}],"version-history":[{"count":1,"href":"https:\/\/blogdodanielgalvao.com.br\/site\/wp-json\/wp\/v2\/posts\/30750\/revisions"}],"predecessor-version":[{"id":30753,"href":"https:\/\/blogdodanielgalvao.com.br\/site\/wp-json\/wp\/v2\/posts\/30750\/revisions\/30753"}],"wp:featuredmedia":[{"embeddable":true,"href":"https:\/\/blogdodanielgalvao.com.br\/site\/wp-json\/wp\/v2\/media\/30752"}],"wp:attachment":[{"href":"https:\/\/blogdodanielgalvao.com.br\/site\/wp-json\/wp\/v2\/media?parent=30750"}],"wp:term":[{"taxonomy":"category","embeddable":true,"href":"https:\/\/blogdodanielgalvao.com.br\/site\/wp-json\/wp\/v2\/categories?post=30750"},{"taxonomy":"post_tag","embeddable":true,"href":"https:\/\/blogdodanielgalvao.com.br\/site\/wp-json\/wp\/v2\/tags?post=30750"}],"curies":[{"name":"wp","href":"https:\/\/api.w.org\/{rel}","templated":true}]}}