{"id":30741,"date":"2026-03-05T16:21:21","date_gmt":"2026-03-05T19:21:21","guid":{"rendered":"https:\/\/blogdodanielgalvao.com.br\/site\/?p=30741"},"modified":"2026-03-05T16:21:26","modified_gmt":"2026-03-05T19:21:26","slug":"condenado-por-homicidio-em-sao-pedro-da-aldeia-e-localizado-e-detido-em-armacao-dos-buzios","status":"publish","type":"post","link":"https:\/\/blogdodanielgalvao.com.br\/site\/condenado-por-homicidio-em-sao-pedro-da-aldeia-e-localizado-e-detido-em-armacao-dos-buzios\/","title":{"rendered":"Condenado por homic\u00eddio em S\u00e3o Pedro da Aldeia \u00e9 localizado e detido em Arma\u00e7\u00e3o dos B\u00fazios"},"content":{"rendered":"\n<p>Um homem condenado por homic\u00eddio qualificado foi preso nesta quinta-feira (5), no bairro de Gerib\u00e1, em Arma\u00e7\u00e3o dos B\u00fazios. Ele estava foragido desde 2018 e foi localizado por agentes da 127\u00aa Delegacia de Pol\u00edcia enquanto trabalhava na Rua Bouganville.<\/p>\n\n\n\n<p>No momento em que percebeu a aproxima\u00e7\u00e3o da viatura, o suspeito tentou escapar. De acordo com os policiais, ele pulou muros, atravessou ao menos tr\u00eas im\u00f3veis e passou por \u00e1reas de vegeta\u00e7\u00e3o na tentativa de evitar a captura. Com autoriza\u00e7\u00e3o de moradores para acessar as resid\u00eancias, os agentes mantiveram as buscas e o encontraram escondido em uma dispensa de materiais de limpeza.<\/p>\n\n\n\n<p>Segundo a Pol\u00edcia Civil, o homem, identificado como Gustavo Rosa da Silva, tinha contra si um mandado de pris\u00e3o expedido pela 2\u00aa Vara da Comarca de S\u00e3o Pedro da Aldeia. A condena\u00e7\u00e3o definitiva ultrapassa nove anos de reclus\u00e3o em regime fechado.<\/p>\n\n\n\n<p>O crime ocorreu dentro de uma institui\u00e7\u00e3o de ensino em S\u00e3o Pedro da Aldeia. A v\u00edtima, Edvaldo, foi atingida por disparos de arma de fogo quando estava no local para buscar crian\u00e7as. As investiga\u00e7\u00f5es apontaram a participa\u00e7\u00e3o de outros dois envolvidos na a\u00e7\u00e3o criminosa.<\/p>\n\n\n\n<p>A opera\u00e7\u00e3o foi coordenada pelo delegado titular da unidade, Lauro Coelho. Ainda conforme a corpora\u00e7\u00e3o, devido ao risco de nova tentativa de fuga e ao comportamento considerado alterado durante a abordagem, foi necess\u00e1rio o uso de algemas, seguindo os protocolos de seguran\u00e7a.<\/p>\n\n\n\n<p>Ap\u00f3s a captura, o condenado foi conduzido \u00e0 127\u00aa DP de Arma\u00e7\u00e3o dos B\u00fazios, onde foram adotadas as provid\u00eancias legais para o cumprimento do mandado judicial.&nbsp;&nbsp;&nbsp;&nbsp;<\/p>\n","protected":false},"excerpt":{"rendered":"<p>Um homem condenado por homic\u00eddio qualificado foi preso nesta quinta-feira (5), no bairro de Gerib\u00e1, em Arma\u00e7\u00e3o dos B\u00fazios. Ele estava foragido desde 2018 e foi localizado por agentes da 127\u00aa Delegacia de Pol\u00edcia enquanto trabalhava na Rua Bouganville. No momento em que percebeu a aproxima\u00e7\u00e3o da viatura, o suspeito tentou escapar. De acordo com [&hellip;]<\/p>\n","protected":false},"author":2,"featured_media":30742,"comment_status":"open","ping_status":"open","sticky":false,"template":"","format":"standard","meta":{"footnotes":""},"categories":[824],"tags":[],"class_list":["post-30741","post","type-post","status-publish","format-standard","has-post-thumbnail","hentry","category-buzios"],"_links":{"self":[{"href":"https:\/\/blogdodanielgalvao.com.br\/site\/wp-json\/wp\/v2\/posts\/30741","targetHints":{"allow":["GET"]}}],"collection":[{"href":"https:\/\/blogdodanielgalvao.com.br\/site\/wp-json\/wp\/v2\/posts"}],"about":[{"href":"https:\/\/blogdodanielgalvao.com.br\/site\/wp-json\/wp\/v2\/types\/post"}],"author":[{"embeddable":true,"href":"https:\/\/blogdodanielgalvao.com.br\/site\/wp-json\/wp\/v2\/users\/2"}],"replies":[{"embeddable":true,"href":"https:\/\/blogdodanielgalvao.com.br\/site\/wp-json\/wp\/v2\/comments?post=30741"}],"version-history":[{"count":1,"href":"https:\/\/blogdodanielgalvao.com.br\/site\/wp-json\/wp\/v2\/posts\/30741\/revisions"}],"predecessor-version":[{"id":30743,"href":"https:\/\/blogdodanielgalvao.com.br\/site\/wp-json\/wp\/v2\/posts\/30741\/revisions\/30743"}],"wp:featuredmedia":[{"embeddable":true,"href":"https:\/\/blogdodanielgalvao.com.br\/site\/wp-json\/wp\/v2\/media\/30742"}],"wp:attachment":[{"href":"https:\/\/blogdodanielgalvao.com.br\/site\/wp-json\/wp\/v2\/media?parent=30741"}],"wp:term":[{"taxonomy":"category","embeddable":true,"href":"https:\/\/blogdodanielgalvao.com.br\/site\/wp-json\/wp\/v2\/categories?post=30741"},{"taxonomy":"post_tag","embeddable":true,"href":"https:\/\/blogdodanielgalvao.com.br\/site\/wp-json\/wp\/v2\/tags?post=30741"}],"curies":[{"name":"wp","href":"https:\/\/api.w.org\/{rel}","templated":true}]}}