{"id":30738,"date":"2026-03-05T16:18:10","date_gmt":"2026-03-05T19:18:10","guid":{"rendered":"https:\/\/blogdodanielgalvao.com.br\/site\/?p=30738"},"modified":"2026-03-05T16:18:17","modified_gmt":"2026-03-05T19:18:17","slug":"arraial-do-cabo-acompanha-producao-de-novos-onibus-em-fabrica-no-sul-do-pais","status":"publish","type":"post","link":"https:\/\/blogdodanielgalvao.com.br\/site\/arraial-do-cabo-acompanha-producao-de-novos-onibus-em-fabrica-no-sul-do-pais\/","title":{"rendered":"Arraial do Cabo acompanha produ\u00e7\u00e3o de novos \u00f4nibus em f\u00e1brica no Sul do pa\u00eds"},"content":{"rendered":"\n<p>Representantes da Prefeitura de Arraial do Cabo estiveram, nesta quarta-feira (4), em Caxias do Sul, no Rio Grande do Sul, para uma visita t\u00e9cnica \u00e0 f\u00e1brica da Marcopolo. O objetivo foi acompanhar de perto a fabrica\u00e7\u00e3o dos \u00f4nibus que ir\u00e3o integrar o Sistema Municipal de Transporte P\u00fablico da cidade nas pr\u00f3ximas semanas.<\/p>\n\n\n\n<p>A comitiva percorreu setores da linha de montagem e observou etapas da produ\u00e7\u00e3o, desde a estrutura\u00e7\u00e3o das carrocerias at\u00e9 os acabamentos finais. Participaram da agenda o vice-prefeito Diego Silveira e o secret\u00e1rio municipal de Mobilidade Urbana, Maycon Victorino, que acompanharam a verifica\u00e7\u00e3o dos crit\u00e9rios de seguran\u00e7a, qualidade e conformidade t\u00e9cnica dos ve\u00edculos destinados ao munic\u00edpio.<\/p>\n\n\n\n<p>A visita integra o processo de consolida\u00e7\u00e3o do novo modelo de transporte p\u00fablico adotado pela administra\u00e7\u00e3o municipal. A expectativa \u00e9 que os novos coletivos reforcem a opera\u00e7\u00e3o j\u00e1 em andamento, ampliando a capacidade de atendimento tanto para moradores quanto para turistas.<\/p>\n\n\n\n<p>Desde o dia 2 de mar\u00e7o, a Prefeitura assumiu oficialmente a gest\u00e3o do servi\u00e7o de transporte coletivo. A mudan\u00e7a trouxe a implementa\u00e7\u00e3o de novas linhas e ajustes de hor\u00e1rios, ampliando a cobertura para bairros que antes n\u00e3o contavam com atendimento regular. A frota contar\u00e1 com \u00f4nibus equipados com ar-condicionado e dispositivos de acessibilidade, alinhando conforto e inclus\u00e3o \u00e0 proposta do novo sistema.&nbsp;&nbsp;&nbsp;&nbsp;<\/p>\n","protected":false},"excerpt":{"rendered":"<p>Representantes da Prefeitura de Arraial do Cabo estiveram, nesta quarta-feira (4), em Caxias do Sul, no Rio Grande do Sul, para uma visita t\u00e9cnica \u00e0 f\u00e1brica da Marcopolo. O objetivo foi acompanhar de perto a fabrica\u00e7\u00e3o dos \u00f4nibus que ir\u00e3o integrar o Sistema Municipal de Transporte P\u00fablico da cidade nas pr\u00f3ximas semanas. A comitiva percorreu [&hellip;]<\/p>\n","protected":false},"author":2,"featured_media":30739,"comment_status":"open","ping_status":"open","sticky":false,"template":"","format":"standard","meta":{"footnotes":""},"categories":[838,2983],"tags":[],"class_list":["post-30738","post","type-post","status-publish","format-standard","has-post-thumbnail","hentry","category-arraial-do-cabo","category-destaque-noticia-5"],"_links":{"self":[{"href":"https:\/\/blogdodanielgalvao.com.br\/site\/wp-json\/wp\/v2\/posts\/30738","targetHints":{"allow":["GET"]}}],"collection":[{"href":"https:\/\/blogdodanielgalvao.com.br\/site\/wp-json\/wp\/v2\/posts"}],"about":[{"href":"https:\/\/blogdodanielgalvao.com.br\/site\/wp-json\/wp\/v2\/types\/post"}],"author":[{"embeddable":true,"href":"https:\/\/blogdodanielgalvao.com.br\/site\/wp-json\/wp\/v2\/users\/2"}],"replies":[{"embeddable":true,"href":"https:\/\/blogdodanielgalvao.com.br\/site\/wp-json\/wp\/v2\/comments?post=30738"}],"version-history":[{"count":1,"href":"https:\/\/blogdodanielgalvao.com.br\/site\/wp-json\/wp\/v2\/posts\/30738\/revisions"}],"predecessor-version":[{"id":30740,"href":"https:\/\/blogdodanielgalvao.com.br\/site\/wp-json\/wp\/v2\/posts\/30738\/revisions\/30740"}],"wp:featuredmedia":[{"embeddable":true,"href":"https:\/\/blogdodanielgalvao.com.br\/site\/wp-json\/wp\/v2\/media\/30739"}],"wp:attachment":[{"href":"https:\/\/blogdodanielgalvao.com.br\/site\/wp-json\/wp\/v2\/media?parent=30738"}],"wp:term":[{"taxonomy":"category","embeddable":true,"href":"https:\/\/blogdodanielgalvao.com.br\/site\/wp-json\/wp\/v2\/categories?post=30738"},{"taxonomy":"post_tag","embeddable":true,"href":"https:\/\/blogdodanielgalvao.com.br\/site\/wp-json\/wp\/v2\/tags?post=30738"}],"curies":[{"name":"wp","href":"https:\/\/api.w.org\/{rel}","templated":true}]}}