{"id":30734,"date":"2026-03-05T13:52:20","date_gmt":"2026-03-05T16:52:20","guid":{"rendered":"https:\/\/blogdodanielgalvao.com.br\/site\/?p=30734"},"modified":"2026-03-05T13:52:25","modified_gmt":"2026-03-05T16:52:25","slug":"cabo-frio-abre-calendario-2026-da-escola-de-gestao-com-foco-na-qualificacao-dos-servidores","status":"publish","type":"post","link":"https:\/\/blogdodanielgalvao.com.br\/site\/cabo-frio-abre-calendario-2026-da-escola-de-gestao-com-foco-na-qualificacao-dos-servidores\/","title":{"rendered":"Cabo Frio abre calend\u00e1rio 2026 da Escola de Gest\u00e3o com foco na qualifica\u00e7\u00e3o dos servidores"},"content":{"rendered":"\n<p>A Prefeitura de Cabo Frio deu in\u00edcio, nesta quarta-feira (4), ao primeiro ciclo de capacita\u00e7\u00f5es de 2026 promovido pela Escola de Gest\u00e3o Municipal. A iniciativa contempla servidores efetivos, comissionados e contratados, com cursos gratuitos voltados ao aperfei\u00e7oamento t\u00e9cnico e \u00e0 melhoria cont\u00ednua dos servi\u00e7os oferecidos \u00e0 popula\u00e7\u00e3o.<\/p>\n\n\n\n<p>A abertura do calend\u00e1rio foi marcada pela realiza\u00e7\u00e3o do curso Novo Protocolo Digital, que abordou os fluxos operacionais do sistema, incluindo orienta\u00e7\u00f5es sobre cadastro, tramita\u00e7\u00e3o, acompanhamento e arquivamento eletr\u00f4nico de processos administrativos.<\/p>\n\n\n\n<p>A programa\u00e7\u00e3o de mar\u00e7o segue com outras quatro forma\u00e7\u00f5es: Comunica\u00e7\u00e3o Institucional no Setor P\u00fablico (13\/03), No\u00e7\u00f5es de Direito Administrativo para n\u00e3o juristas (19\/03), No\u00e7\u00f5es de Primeiros Socorros para Servidores P\u00fablicos (20\/03) e LGPD na Administra\u00e7\u00e3o P\u00fablica (27\/03).<\/p>\n\n\n\n<p>As aulas t\u00eam carga hor\u00e1ria de oito horas e acontecem de forma presencial, das 9h \u00e0s 17h, no audit\u00f3rio da sede do governo municipal, localizado na Pra\u00e7a Tiradentes, no Centro. Cada curso disponibiliza 60 vagas, e as inscri\u00e7\u00f5es permanecem abertas at\u00e9 o preenchimento total das turmas.<\/p>\n\n\n\n<p>Entre os destaques do m\u00eas est\u00e1 a capacita\u00e7\u00e3o em Primeiros Socorros, que pretende preparar servidores de diferentes setores para agir em situa\u00e7\u00f5es emergenciais, tanto no ambiente de trabalho quanto fora dele. O conte\u00fado inclui orienta\u00e7\u00f5es pr\u00e1ticas sobre como proceder em casos de mal s\u00fabito, engasgo, quedas, fraturas, hemorragias e parada cardiorrespirat\u00f3ria, al\u00e9m de esclarecer condutas adequadas e inadequadas diante de ocorr\u00eancias cr\u00edticas.<\/p>\n\n\n\n<p>\u201cJ\u00e1 pensou em algu\u00e9m passando mal no seu ambiente de trabalho, ou na fila do supermercado, e voc\u00ea n\u00e3o poder fazer nada para ajudar? Situa\u00e7\u00f5es de emerg\u00eancia podem ocorrer em qualquer local e a qualquer momento e um atendimento simples e direcionado pode salvar uma vida. Pensando como servidor, \u00e9 uma forma de adquirir uma compet\u00eancia essencial para quem serve \u00e0 popula\u00e7\u00e3o\u201d, afirmou o coordenador da Escola de Gest\u00e3o Municipal de Cabo Frio, V\u00edtor J\u00fanior.<\/p>\n\n\n\n<p>Para o primeiro semestre, a Escola de Gest\u00e3o Municipal j\u00e1 estruturou uma agenda com 20 cursos previstos at\u00e9 junho. Al\u00e9m das vagas remanescentes para mar\u00e7o, as inscri\u00e7\u00f5es para as capacita\u00e7\u00f5es programadas para abril tamb\u00e9m j\u00e1 est\u00e3o dispon\u00edveis aos interessados.&nbsp;&nbsp;&nbsp;&nbsp;<\/p>\n","protected":false},"excerpt":{"rendered":"<p>A Prefeitura de Cabo Frio deu in\u00edcio, nesta quarta-feira (4), ao primeiro ciclo de capacita\u00e7\u00f5es de 2026 promovido pela Escola de Gest\u00e3o Municipal. A iniciativa contempla servidores efetivos, comissionados e contratados, com cursos gratuitos voltados ao aperfei\u00e7oamento t\u00e9cnico e \u00e0 melhoria cont\u00ednua dos servi\u00e7os oferecidos \u00e0 popula\u00e7\u00e3o. A abertura do calend\u00e1rio foi marcada pela realiza\u00e7\u00e3o [&hellip;]<\/p>\n","protected":false},"author":2,"featured_media":30735,"comment_status":"open","ping_status":"open","sticky":false,"template":"","format":"standard","meta":{"footnotes":""},"categories":[340],"tags":[],"class_list":["post-30734","post","type-post","status-publish","format-standard","has-post-thumbnail","hentry","category-cabo-frio"],"_links":{"self":[{"href":"https:\/\/blogdodanielgalvao.com.br\/site\/wp-json\/wp\/v2\/posts\/30734","targetHints":{"allow":["GET"]}}],"collection":[{"href":"https:\/\/blogdodanielgalvao.com.br\/site\/wp-json\/wp\/v2\/posts"}],"about":[{"href":"https:\/\/blogdodanielgalvao.com.br\/site\/wp-json\/wp\/v2\/types\/post"}],"author":[{"embeddable":true,"href":"https:\/\/blogdodanielgalvao.com.br\/site\/wp-json\/wp\/v2\/users\/2"}],"replies":[{"embeddable":true,"href":"https:\/\/blogdodanielgalvao.com.br\/site\/wp-json\/wp\/v2\/comments?post=30734"}],"version-history":[{"count":1,"href":"https:\/\/blogdodanielgalvao.com.br\/site\/wp-json\/wp\/v2\/posts\/30734\/revisions"}],"predecessor-version":[{"id":30736,"href":"https:\/\/blogdodanielgalvao.com.br\/site\/wp-json\/wp\/v2\/posts\/30734\/revisions\/30736"}],"wp:featuredmedia":[{"embeddable":true,"href":"https:\/\/blogdodanielgalvao.com.br\/site\/wp-json\/wp\/v2\/media\/30735"}],"wp:attachment":[{"href":"https:\/\/blogdodanielgalvao.com.br\/site\/wp-json\/wp\/v2\/media?parent=30734"}],"wp:term":[{"taxonomy":"category","embeddable":true,"href":"https:\/\/blogdodanielgalvao.com.br\/site\/wp-json\/wp\/v2\/categories?post=30734"},{"taxonomy":"post_tag","embeddable":true,"href":"https:\/\/blogdodanielgalvao.com.br\/site\/wp-json\/wp\/v2\/tags?post=30734"}],"curies":[{"name":"wp","href":"https:\/\/api.w.org\/{rel}","templated":true}]}}