{"id":30720,"date":"2026-03-04T19:29:40","date_gmt":"2026-03-04T22:29:40","guid":{"rendered":"https:\/\/blogdodanielgalvao.com.br\/site\/?p=30720"},"modified":"2026-03-04T19:29:45","modified_gmt":"2026-03-04T22:29:45","slug":"reuniao-em-rio-das-ostras-discute-acoes-para-recuperacao-da-cidade-depois-dos-temporais","status":"publish","type":"post","link":"https:\/\/blogdodanielgalvao.com.br\/site\/reuniao-em-rio-das-ostras-discute-acoes-para-recuperacao-da-cidade-depois-dos-temporais\/","title":{"rendered":"Reuni\u00e3o em Rio das Ostras discute a\u00e7\u00f5es para recupera\u00e7\u00e3o da cidade depois dos temporais"},"content":{"rendered":"\n<p>A Prefeitura de Rio das Ostras divulgou uma s\u00e9rie de medidas que v\u00eam sendo adotadas em v\u00e1rios pontos da cidade com objetivo de continuar minimizando os impactos das chuvas que ca\u00edram na cidade na \u00faltima semana.<\/p>\n\n\n\n<p>Considerada pelo prefeito Carlos Augusto (PL) como a pior crise natural da hist\u00f3ria da cidade, a situa\u00e7\u00e3o atingiu diversos bairros e localidades, deixando ruas alagadas e fam\u00edlias desabrigadas ou desalojadas em v\u00e1rios pontos da cidade.<\/p>\n\n\n\n<p>Entre as medidas adotadas nos \u00faltimos dias est\u00e3o um mutir\u00e3o de vacina\u00e7\u00e3o voltado para atender a popula\u00e7\u00e3o de \u00e1reas mais afetadas pelas chuvas, e a\u00e7\u00f5es de sa\u00fade animal, desobstru\u00e7\u00e3o de vias e limpeza p\u00fablica, com a coloca\u00e7\u00e3o de ca\u00e7ambas em localidades que sofreram com alagamentos.<\/p>\n\n\n\n<p>Al\u00e9m da participa\u00e7\u00e3o conjunta de diversas secretarias e \u00f3rg\u00e3os municipais, como as secretarias de Sa\u00fade, e de Meio Ambiente, e o Servi\u00e7o Aut\u00f4nomo de \u00c1gua e Esgoto (SAAE), as a\u00e7\u00f5es contaram ainda com o apoio de equipes do Grupo de Resgate T\u00e9cnico Animal do Estado do Rio (GRETA RJ).<\/p>\n\n\n\n<p>Nessa ter\u00e7a-feira, 3, o prefeito Carlos Augusto e o vice-prefeito e secret\u00e1rio de Sa\u00fade, Dr. F\u00e1bio Sim\u00f5es (MDB), participaram de uma importante reuni\u00e3o de planejamento que contou com a presen\u00e7a de representantes do munic\u00edpio e do Estado.<\/p>\n\n\n\n<p>\u201cHoje tivemos uma reuni\u00e3o que \u00e9 fundamental para garantir decis\u00f5es respons\u00e1veis, agilidade nas a\u00e7\u00f5es e transpar\u00eancia com a popula\u00e7\u00e3o. Atualizamos o cen\u00e1rio do \u2018Estado de Emerg\u00eancia II\u2019 com o Dr. Lucas Bernardes, da 1\u00aa Promotoria de Justi\u00e7a de Tutela Coletiva do N\u00facleo Maca\u00e9. Estiveram presentes todos os secret\u00e1rios envolvidos na opera\u00e7\u00e3o, os majores BM C\u00e1rmen e Charles, da Defesa Civil do Estado, e a Dra. Eliane, defensora p\u00fablica estadual. Seguimos trabalhando com seriedade para enfrentar a pior crise natural da hist\u00f3ria de Rio das Ostras\u201d, escreveu Carlos Augusto.<\/p>\n","protected":false},"excerpt":{"rendered":"<p>A Prefeitura de Rio das Ostras divulgou uma s\u00e9rie de medidas que v\u00eam sendo adotadas em v\u00e1rios pontos da cidade com objetivo de continuar minimizando os impactos das chuvas que ca\u00edram na cidade na \u00faltima semana. Considerada pelo prefeito Carlos Augusto (PL) como a pior crise natural da hist\u00f3ria da cidade, a situa\u00e7\u00e3o atingiu diversos [&hellip;]<\/p>\n","protected":false},"author":2,"featured_media":30721,"comment_status":"open","ping_status":"open","sticky":false,"template":"","format":"standard","meta":{"footnotes":""},"categories":[2978,4],"tags":[],"class_list":["post-30720","post","type-post","status-publish","format-standard","has-post-thumbnail","hentry","category-destaques-topo","category-rio-das-ostras"],"_links":{"self":[{"href":"https:\/\/blogdodanielgalvao.com.br\/site\/wp-json\/wp\/v2\/posts\/30720","targetHints":{"allow":["GET"]}}],"collection":[{"href":"https:\/\/blogdodanielgalvao.com.br\/site\/wp-json\/wp\/v2\/posts"}],"about":[{"href":"https:\/\/blogdodanielgalvao.com.br\/site\/wp-json\/wp\/v2\/types\/post"}],"author":[{"embeddable":true,"href":"https:\/\/blogdodanielgalvao.com.br\/site\/wp-json\/wp\/v2\/users\/2"}],"replies":[{"embeddable":true,"href":"https:\/\/blogdodanielgalvao.com.br\/site\/wp-json\/wp\/v2\/comments?post=30720"}],"version-history":[{"count":1,"href":"https:\/\/blogdodanielgalvao.com.br\/site\/wp-json\/wp\/v2\/posts\/30720\/revisions"}],"predecessor-version":[{"id":30722,"href":"https:\/\/blogdodanielgalvao.com.br\/site\/wp-json\/wp\/v2\/posts\/30720\/revisions\/30722"}],"wp:featuredmedia":[{"embeddable":true,"href":"https:\/\/blogdodanielgalvao.com.br\/site\/wp-json\/wp\/v2\/media\/30721"}],"wp:attachment":[{"href":"https:\/\/blogdodanielgalvao.com.br\/site\/wp-json\/wp\/v2\/media?parent=30720"}],"wp:term":[{"taxonomy":"category","embeddable":true,"href":"https:\/\/blogdodanielgalvao.com.br\/site\/wp-json\/wp\/v2\/categories?post=30720"},{"taxonomy":"post_tag","embeddable":true,"href":"https:\/\/blogdodanielgalvao.com.br\/site\/wp-json\/wp\/v2\/tags?post=30720"}],"curies":[{"name":"wp","href":"https:\/\/api.w.org\/{rel}","templated":true}]}}