{"id":30715,"date":"2026-03-04T19:14:40","date_gmt":"2026-03-04T22:14:40","guid":{"rendered":"https:\/\/blogdodanielgalvao.com.br\/site\/?p=30715"},"modified":"2026-03-04T19:14:45","modified_gmt":"2026-03-04T22:14:45","slug":"welberth-e-castro-promovem-dia-de-inauguracoes-em-macae-nessa-quarta-4","status":"publish","type":"post","link":"https:\/\/blogdodanielgalvao.com.br\/site\/welberth-e-castro-promovem-dia-de-inauguracoes-em-macae-nessa-quarta-4\/","title":{"rendered":"Welberth e Castro promovem dia de inaugura\u00e7\u00f5es em Maca\u00e9 nessa quarta, 4"},"content":{"rendered":"\n<p>Seguindo com a agenda em Maca\u00e9 depois da inaugura\u00e7\u00e3o do Col\u00e9gio Estadual Carlos Walter Marinho Campos, no Lagomar, o governador do Rio, Cl\u00e1udio Castro (PL), acompanhou o prefeito Welberth Rezende (CIDADANIA) em mais uma entrega na manh\u00e3 dessa quarta-feira, 4.<\/p>\n\n\n\n<p>O evento aconteceu no centro da cidade, na Pra\u00e7a Washington Luiz, onde o prefeito e o governador refor\u00e7aram a parceria entre o munic\u00edpio e o Estado com o descerramento de uma placa que marca a pedra fundamental do futuro Batalh\u00e3o Rodovi\u00e1rio do munic\u00edpio.<\/p>\n\n\n\n<p>Al\u00e9m da cerim\u00f4nia na placa, que contou com a presen\u00e7a de autoridades municipais e estaduais, a solenidade marcou ainda a entrega de 20 novas viaturas blindadas que foram doadas para a Pol\u00edcia Militar (PM) para uso exclusivo no munic\u00edpio.<\/p>\n\n\n\n<p>\u201cAs 20 novas viaturas foram adquiridas pelo munic\u00edpio e doadas \u00e0 Pol\u00edcia Militar para melhorar o patrulhamento e fortalecer a seguran\u00e7a p\u00fablica em Maca\u00e9\u201d, contou Welberth.<\/p>\n\n\n\n<p>De acordo com a prefeitura, a implanta\u00e7\u00e3o do Batalh\u00e3o Rodovi\u00e1rio tem como objetivo fortalecer a seguran\u00e7a vi\u00e1ria, com intensifica\u00e7\u00e3o do patrulhamento nas rodovias que cortam a cidade, incluindo a Rodovia Amaral Peixoto (RJ-106).<\/p>\n\n\n\n<p>Para o governador do Rio, o lan\u00e7amento da pedra fundamental simboliza o avan\u00e7o na moderniza\u00e7\u00e3o da infraestrutura da Pol\u00edcia Militar na cidade, juntamente com os novos ve\u00edculos, que refor\u00e7am a parceria entre o munic\u00edpio e o Estado.<\/p>\n\n\n\n<p>\u201cO lan\u00e7amento da pedra fundamental do Batalh\u00e3o Rodovi\u00e1rio refor\u00e7a nosso compromisso com Maca\u00e9. E os novos ve\u00edculos, focados no policiamento preventivo, v\u00e3o aumentar a sensa\u00e7\u00e3o de seguran\u00e7a e a efici\u00eancia operacional na cidade. Essa a\u00e7\u00e3o faz parte da moderniza\u00e7\u00e3o da infraestrutura da PM no munic\u00edpio, focando em um ambiente urbano mais protegido. Maca\u00e9 \u00e9 a cidade mais estrat\u00e9gica do Estado do Rio de Janeiro\u201d, elogiou Cl\u00e1udio Castro.<\/p>\n\n\n\n<p>Secret\u00e1rio estadual da PM, o comandante-geral da corpora\u00e7\u00e3o, Marcelo de Menezes, tamb\u00e9m falou sobre a import\u00e2ncia da parceria entre a prefeitura e o governo estadual, ressaltando a necessidade de uni\u00e3o entre todas as inst\u00e2ncias da seguran\u00e7a p\u00fablica.<\/p>\n\n\n\n<p>\u201cA seguran\u00e7a p\u00fablica n\u00e3o se concretiza de forma isolada, mas sim atrav\u00e9s da uni\u00e3o, do di\u00e1logo e da colabora\u00e7\u00e3o, entendendo que as demandas se originam nos munic\u00edpios. Seguindo essa diretriz, a Pol\u00edcia Militar tem atuado em proximidade com as autoridades locais, com o intuito de formular estrat\u00e9gias adequadas para um tema t\u00e3o relevante\u201d, afirmou Marcelo de Menezes, que recebeu o t\u00edtulo de cidad\u00e3o macaense no dia do seu anivers\u00e1rio.<\/p>\n\n\n\n<p>A solenidade contou ainda com a presen\u00e7a do vice-prefeito de Maca\u00e9, Fabiano Paschoal (MDB), e dos secret\u00e1rios estaduais das Cidades, Douglas Ruas (PL), e Habita\u00e7\u00e3o de Interesse Social, Bruno Dauaire (UNI\u00c3O).<\/p>\n\n\n<div class=\"wp-block-image\">\n<figure class=\"aligncenter size-large is-resized\"><img loading=\"lazy\" decoding=\"async\" width=\"1024\" height=\"683\" src=\"https:\/\/blogdodanielgalvao.com.br\/site\/wp-content\/uploads\/2026\/03\/image-1-1024x683.png\" alt=\"\" class=\"wp-image-30717\" style=\"aspect-ratio:1.4994979359589422;width:574px;height:auto\" srcset=\"https:\/\/blogdodanielgalvao.com.br\/site\/wp-content\/uploads\/2026\/03\/image-1-1024x683.png 1024w, https:\/\/blogdodanielgalvao.com.br\/site\/wp-content\/uploads\/2026\/03\/image-1-300x200.png 300w, https:\/\/blogdodanielgalvao.com.br\/site\/wp-content\/uploads\/2026\/03\/image-1-768x512.png 768w, https:\/\/blogdodanielgalvao.com.br\/site\/wp-content\/uploads\/2026\/03\/image-1-1200x800.png 1200w, https:\/\/blogdodanielgalvao.com.br\/site\/wp-content\/uploads\/2026\/03\/image-1.png 1417w\" sizes=\"auto, (max-width: 1024px) 100vw, 1024px\" \/><\/figure>\n<\/div>","protected":false},"excerpt":{"rendered":"<p>Seguindo com a agenda em Maca\u00e9 depois da inaugura\u00e7\u00e3o do Col\u00e9gio Estadual Carlos Walter Marinho Campos, no Lagomar, o governador do Rio, Cl\u00e1udio Castro (PL), acompanhou o prefeito Welberth Rezende (CIDADANIA) em mais uma entrega na manh\u00e3 dessa quarta-feira, 4. O evento aconteceu no centro da cidade, na Pra\u00e7a Washington Luiz, onde o prefeito e [&hellip;]<\/p>\n","protected":false},"author":2,"featured_media":30718,"comment_status":"open","ping_status":"open","sticky":false,"template":"","format":"standard","meta":{"footnotes":""},"categories":[1],"tags":[],"class_list":["post-30715","post","type-post","status-publish","format-standard","has-post-thumbnail","hentry","category-sem-categoria"],"_links":{"self":[{"href":"https:\/\/blogdodanielgalvao.com.br\/site\/wp-json\/wp\/v2\/posts\/30715","targetHints":{"allow":["GET"]}}],"collection":[{"href":"https:\/\/blogdodanielgalvao.com.br\/site\/wp-json\/wp\/v2\/posts"}],"about":[{"href":"https:\/\/blogdodanielgalvao.com.br\/site\/wp-json\/wp\/v2\/types\/post"}],"author":[{"embeddable":true,"href":"https:\/\/blogdodanielgalvao.com.br\/site\/wp-json\/wp\/v2\/users\/2"}],"replies":[{"embeddable":true,"href":"https:\/\/blogdodanielgalvao.com.br\/site\/wp-json\/wp\/v2\/comments?post=30715"}],"version-history":[{"count":1,"href":"https:\/\/blogdodanielgalvao.com.br\/site\/wp-json\/wp\/v2\/posts\/30715\/revisions"}],"predecessor-version":[{"id":30719,"href":"https:\/\/blogdodanielgalvao.com.br\/site\/wp-json\/wp\/v2\/posts\/30715\/revisions\/30719"}],"wp:featuredmedia":[{"embeddable":true,"href":"https:\/\/blogdodanielgalvao.com.br\/site\/wp-json\/wp\/v2\/media\/30718"}],"wp:attachment":[{"href":"https:\/\/blogdodanielgalvao.com.br\/site\/wp-json\/wp\/v2\/media?parent=30715"}],"wp:term":[{"taxonomy":"category","embeddable":true,"href":"https:\/\/blogdodanielgalvao.com.br\/site\/wp-json\/wp\/v2\/categories?post=30715"},{"taxonomy":"post_tag","embeddable":true,"href":"https:\/\/blogdodanielgalvao.com.br\/site\/wp-json\/wp\/v2\/tags?post=30715"}],"curies":[{"name":"wp","href":"https:\/\/api.w.org\/{rel}","templated":true}]}}