{"id":30705,"date":"2026-03-04T16:40:05","date_gmt":"2026-03-04T19:40:05","guid":{"rendered":"https:\/\/blogdodanielgalvao.com.br\/site\/?p=30705"},"modified":"2026-03-04T16:40:16","modified_gmt":"2026-03-04T19:40:16","slug":"atendimento-do-procon-de-sao-pedro-da-aldeia-acontece-nos-dias-16-e-17-no-centro","status":"publish","type":"post","link":"https:\/\/blogdodanielgalvao.com.br\/site\/atendimento-do-procon-de-sao-pedro-da-aldeia-acontece-nos-dias-16-e-17-no-centro\/","title":{"rendered":"Atendimento do Procon de S\u00e3o Pedro da Aldeia acontece nos dias 16 e 17 no Centro"},"content":{"rendered":"\n<p>Moradores de S\u00e3o Pedro da Aldeia que desejam regularizar d\u00e9bitos ter\u00e3o uma nova oportunidade nos dias 16 e 17 de mar\u00e7o. O Procon municipal vai promover um mutir\u00e3o de negocia\u00e7\u00e3o na sede do \u00f3rg\u00e3o, localizada na Rua Herm\u00f3genes Freire da Costa, n\u00ba 136, no Centro, atr\u00e1s do F\u00f3rum. O atendimento ao p\u00fablico ser\u00e1 das 9h30 \u00e0s 16h30.<\/p>\n\n\n\n<p>A proposta \u00e9 concentrar, em um \u00fanico espa\u00e7o, consumidores e empresas credoras para estimular acordos diretos e evitar que conflitos avancem para a esfera judicial. A iniciativa busca agilizar solu\u00e7\u00f5es, reduzir a inadimpl\u00eancia e permitir que fam\u00edlias reorganizem a vida financeira por meio de condi\u00e7\u00f5es negociadas.<\/p>\n\n\n\n<p>Entre as empresas confirmadas est\u00e3o a concession\u00e1ria de \u00e1gua Prolagos e a distribuidora de energia Enel, que prestar\u00e3o atendimento no dia 16. Outras concession\u00e1rias e prestadoras de servi\u00e7os tamb\u00e9m devem participar da a\u00e7\u00e3o.<\/p>\n\n\n\n<p>A diretora do Procon, P\u00e2mella Monteiro, ressaltou que o objetivo central \u00e9 estimular o di\u00e1logo e viabilizar acordos equilibrados, especialmente para consumidores que enfrentam dificuldades financeiras. Segundo ela, o mutir\u00e3o cria um ambiente prop\u00edcio para a constru\u00e7\u00e3o de solu\u00e7\u00f5es consensuais e mais acess\u00edveis.&nbsp;&nbsp;&nbsp;<\/p>\n","protected":false},"excerpt":{"rendered":"<p>Moradores de S\u00e3o Pedro da Aldeia que desejam regularizar d\u00e9bitos ter\u00e3o uma nova oportunidade nos dias 16 e 17 de mar\u00e7o. O Procon municipal vai promover um mutir\u00e3o de negocia\u00e7\u00e3o na sede do \u00f3rg\u00e3o, localizada na Rua Herm\u00f3genes Freire da Costa, n\u00ba 136, no Centro, atr\u00e1s do F\u00f3rum. O atendimento ao p\u00fablico ser\u00e1 das 9h30 [&hellip;]<\/p>\n","protected":false},"author":2,"featured_media":30706,"comment_status":"open","ping_status":"open","sticky":false,"template":"","format":"standard","meta":{"footnotes":""},"categories":[1887],"tags":[],"class_list":["post-30705","post","type-post","status-publish","format-standard","has-post-thumbnail","hentry","category-sao-pedro-da-aldeia"],"_links":{"self":[{"href":"https:\/\/blogdodanielgalvao.com.br\/site\/wp-json\/wp\/v2\/posts\/30705","targetHints":{"allow":["GET"]}}],"collection":[{"href":"https:\/\/blogdodanielgalvao.com.br\/site\/wp-json\/wp\/v2\/posts"}],"about":[{"href":"https:\/\/blogdodanielgalvao.com.br\/site\/wp-json\/wp\/v2\/types\/post"}],"author":[{"embeddable":true,"href":"https:\/\/blogdodanielgalvao.com.br\/site\/wp-json\/wp\/v2\/users\/2"}],"replies":[{"embeddable":true,"href":"https:\/\/blogdodanielgalvao.com.br\/site\/wp-json\/wp\/v2\/comments?post=30705"}],"version-history":[{"count":1,"href":"https:\/\/blogdodanielgalvao.com.br\/site\/wp-json\/wp\/v2\/posts\/30705\/revisions"}],"predecessor-version":[{"id":30707,"href":"https:\/\/blogdodanielgalvao.com.br\/site\/wp-json\/wp\/v2\/posts\/30705\/revisions\/30707"}],"wp:featuredmedia":[{"embeddable":true,"href":"https:\/\/blogdodanielgalvao.com.br\/site\/wp-json\/wp\/v2\/media\/30706"}],"wp:attachment":[{"href":"https:\/\/blogdodanielgalvao.com.br\/site\/wp-json\/wp\/v2\/media?parent=30705"}],"wp:term":[{"taxonomy":"category","embeddable":true,"href":"https:\/\/blogdodanielgalvao.com.br\/site\/wp-json\/wp\/v2\/categories?post=30705"},{"taxonomy":"post_tag","embeddable":true,"href":"https:\/\/blogdodanielgalvao.com.br\/site\/wp-json\/wp\/v2\/tags?post=30705"}],"curies":[{"name":"wp","href":"https:\/\/api.w.org\/{rel}","templated":true}]}}