{"id":30702,"date":"2026-03-04T16:37:20","date_gmt":"2026-03-04T19:37:20","guid":{"rendered":"https:\/\/blogdodanielgalvao.com.br\/site\/?p=30702"},"modified":"2026-03-04T16:37:26","modified_gmt":"2026-03-04T19:37:26","slug":"protetores-independentes-podem-inscrever-caes-e-gatos-para-adocao-em-feira-de-sao-pedro-da-aldeia","status":"publish","type":"post","link":"https:\/\/blogdodanielgalvao.com.br\/site\/protetores-independentes-podem-inscrever-caes-e-gatos-para-adocao-em-feira-de-sao-pedro-da-aldeia\/","title":{"rendered":"Protetores independentes podem inscrever c\u00e3es e gatos para ado\u00e7\u00e3o em Feira de S\u00e3o Pedro da Aldeia"},"content":{"rendered":"\n<p>A articula\u00e7\u00e3o entre sociedade civil e poder p\u00fablico ganha novo espa\u00e7o em S\u00e3o Pedro da Aldeia com a realiza\u00e7\u00e3o de uma feira semanal dedicada \u00e0 ado\u00e7\u00e3o de c\u00e3es e gatos. A a\u00e7\u00e3o \u00e9 coordenada pela ONG UZCA, com apoio da Prefeitura, como parte das iniciativas voltadas \u00e0 causa animal no munic\u00edpio.<\/p>\n\n\n\n<p>O atendimento ao p\u00fablico ocorre todas as sextas-feiras, das 10h \u00e0s 16h, no estacionamento da American Pet, \u00e0s margens da Rodovia RJ-140. O objetivo \u00e9 ampliar as chances de que animais resgatados encontrem um lar definitivo, al\u00e9m de estimular a ado\u00e7\u00e3o consciente e respons\u00e1vel.<\/p>\n\n\n\n<p>De acordo com os organizadores, protetores interessados em participar devem informar previamente a entidade para realizar a inscri\u00e7\u00e3o dos animais. Cada respons\u00e1vel precisa permanecer no local durante todo o per\u00edodo da feira, assegurando os cuidados necess\u00e1rios e o acompanhamento adequado dos bichos disponibilizados.<\/p>\n\n\n\n<p>A proposta tamb\u00e9m busca dar visibilidade aos animais que aguardam acolhimento e refor\u00e7ar a coopera\u00e7\u00e3o entre volunt\u00e1rios, protetores independentes e o poder p\u00fablico. Informa\u00e7\u00f5es adicionais podem ser obtidas diretamente com a ONG UZCA pelo telefone (22) 98112-0238. O atendimento acontece de segunda a sexta-feira, das 9h \u00e0s 12h e das 13h \u00e0s 17h.&nbsp;&nbsp;&nbsp;&nbsp;<\/p>\n","protected":false},"excerpt":{"rendered":"<p>A articula\u00e7\u00e3o entre sociedade civil e poder p\u00fablico ganha novo espa\u00e7o em S\u00e3o Pedro da Aldeia com a realiza\u00e7\u00e3o de uma feira semanal dedicada \u00e0 ado\u00e7\u00e3o de c\u00e3es e gatos. A a\u00e7\u00e3o \u00e9 coordenada pela ONG UZCA, com apoio da Prefeitura, como parte das iniciativas voltadas \u00e0 causa animal no munic\u00edpio. O atendimento ao p\u00fablico [&hellip;]<\/p>\n","protected":false},"author":2,"featured_media":30703,"comment_status":"open","ping_status":"open","sticky":false,"template":"","format":"standard","meta":{"footnotes":""},"categories":[1887],"tags":[],"class_list":["post-30702","post","type-post","status-publish","format-standard","has-post-thumbnail","hentry","category-sao-pedro-da-aldeia"],"_links":{"self":[{"href":"https:\/\/blogdodanielgalvao.com.br\/site\/wp-json\/wp\/v2\/posts\/30702","targetHints":{"allow":["GET"]}}],"collection":[{"href":"https:\/\/blogdodanielgalvao.com.br\/site\/wp-json\/wp\/v2\/posts"}],"about":[{"href":"https:\/\/blogdodanielgalvao.com.br\/site\/wp-json\/wp\/v2\/types\/post"}],"author":[{"embeddable":true,"href":"https:\/\/blogdodanielgalvao.com.br\/site\/wp-json\/wp\/v2\/users\/2"}],"replies":[{"embeddable":true,"href":"https:\/\/blogdodanielgalvao.com.br\/site\/wp-json\/wp\/v2\/comments?post=30702"}],"version-history":[{"count":1,"href":"https:\/\/blogdodanielgalvao.com.br\/site\/wp-json\/wp\/v2\/posts\/30702\/revisions"}],"predecessor-version":[{"id":30704,"href":"https:\/\/blogdodanielgalvao.com.br\/site\/wp-json\/wp\/v2\/posts\/30702\/revisions\/30704"}],"wp:featuredmedia":[{"embeddable":true,"href":"https:\/\/blogdodanielgalvao.com.br\/site\/wp-json\/wp\/v2\/media\/30703"}],"wp:attachment":[{"href":"https:\/\/blogdodanielgalvao.com.br\/site\/wp-json\/wp\/v2\/media?parent=30702"}],"wp:term":[{"taxonomy":"category","embeddable":true,"href":"https:\/\/blogdodanielgalvao.com.br\/site\/wp-json\/wp\/v2\/categories?post=30702"},{"taxonomy":"post_tag","embeddable":true,"href":"https:\/\/blogdodanielgalvao.com.br\/site\/wp-json\/wp\/v2\/tags?post=30702"}],"curies":[{"name":"wp","href":"https:\/\/api.w.org\/{rel}","templated":true}]}}