{"id":30699,"date":"2026-03-04T16:34:45","date_gmt":"2026-03-04T19:34:45","guid":{"rendered":"https:\/\/blogdodanielgalvao.com.br\/site\/?p=30699"},"modified":"2026-03-04T16:34:55","modified_gmt":"2026-03-04T19:34:55","slug":"furto-atinge-comercio-em-sao-cristovao-e-gera-prejuizo-em-cabo-frio","status":"publish","type":"post","link":"https:\/\/blogdodanielgalvao.com.br\/site\/furto-atinge-comercio-em-sao-cristovao-e-gera-prejuizo-em-cabo-frio\/","title":{"rendered":"Furto atinge com\u00e9rcio em S\u00e3o Crist\u00f3v\u00e3o e gera preju\u00edzo em Cabo Frio"},"content":{"rendered":"\n<p>Um estabelecimento comercial foi alvo de criminosos na madrugada desta segunda-feira (2), no bairro S\u00e3o Crist\u00f3v\u00e3o, em Cabo Frio. A ocorr\u00eancia j\u00e1 foi formalizada e ser\u00e1 apurada pelas autoridades respons\u00e1veis. At\u00e9 o momento, n\u00e3o h\u00e1 confirma\u00e7\u00e3o sobre suspeitos identificados ou detidos.<\/p>\n\n\n\n<p>A a\u00e7\u00e3o foi registrada pelo sistema de monitoramento do pr\u00f3prio com\u00e9rcio. As grava\u00e7\u00f5es devem ser utilizadas no inqu\u00e9rito para tentar identificar os envolvidos e esclarecer as circunst\u00e2ncias do crime.<\/p>\n\n\n\n<p>De acordo com as informa\u00e7\u00f5es preliminares, foram levados o dinheiro que estava no caixa e tamb\u00e9m o equipamento utilizado na loja, o que ampliou o preju\u00edzo. A propriet\u00e1ria informou que ainda realiza o levantamento completo das perdas financeiras.<\/p>\n\n\n\n<p>A loja Tati Salgados est\u00e1 localizada na Rua Vinte e Cinco de Dezembro, conhecida popularmente como Rua das Vans, uma das vias de maior circula\u00e7\u00e3o no bairro. O caso refor\u00e7a a preocupa\u00e7\u00e3o de comerciantes da regi\u00e3o com a seguran\u00e7a durante o per\u00edodo noturno.&nbsp;&nbsp;&nbsp;&nbsp;<\/p>\n","protected":false},"excerpt":{"rendered":"<p>Um estabelecimento comercial foi alvo de criminosos na madrugada desta segunda-feira (2), no bairro S\u00e3o Crist\u00f3v\u00e3o, em Cabo Frio. A ocorr\u00eancia j\u00e1 foi formalizada e ser\u00e1 apurada pelas autoridades respons\u00e1veis. At\u00e9 o momento, n\u00e3o h\u00e1 confirma\u00e7\u00e3o sobre suspeitos identificados ou detidos. A a\u00e7\u00e3o foi registrada pelo sistema de monitoramento do pr\u00f3prio com\u00e9rcio. As grava\u00e7\u00f5es devem [&hellip;]<\/p>\n","protected":false},"author":2,"featured_media":30700,"comment_status":"open","ping_status":"open","sticky":false,"template":"","format":"standard","meta":{"footnotes":""},"categories":[340],"tags":[],"class_list":["post-30699","post","type-post","status-publish","format-standard","has-post-thumbnail","hentry","category-cabo-frio"],"_links":{"self":[{"href":"https:\/\/blogdodanielgalvao.com.br\/site\/wp-json\/wp\/v2\/posts\/30699","targetHints":{"allow":["GET"]}}],"collection":[{"href":"https:\/\/blogdodanielgalvao.com.br\/site\/wp-json\/wp\/v2\/posts"}],"about":[{"href":"https:\/\/blogdodanielgalvao.com.br\/site\/wp-json\/wp\/v2\/types\/post"}],"author":[{"embeddable":true,"href":"https:\/\/blogdodanielgalvao.com.br\/site\/wp-json\/wp\/v2\/users\/2"}],"replies":[{"embeddable":true,"href":"https:\/\/blogdodanielgalvao.com.br\/site\/wp-json\/wp\/v2\/comments?post=30699"}],"version-history":[{"count":1,"href":"https:\/\/blogdodanielgalvao.com.br\/site\/wp-json\/wp\/v2\/posts\/30699\/revisions"}],"predecessor-version":[{"id":30701,"href":"https:\/\/blogdodanielgalvao.com.br\/site\/wp-json\/wp\/v2\/posts\/30699\/revisions\/30701"}],"wp:featuredmedia":[{"embeddable":true,"href":"https:\/\/blogdodanielgalvao.com.br\/site\/wp-json\/wp\/v2\/media\/30700"}],"wp:attachment":[{"href":"https:\/\/blogdodanielgalvao.com.br\/site\/wp-json\/wp\/v2\/media?parent=30699"}],"wp:term":[{"taxonomy":"category","embeddable":true,"href":"https:\/\/blogdodanielgalvao.com.br\/site\/wp-json\/wp\/v2\/categories?post=30699"},{"taxonomy":"post_tag","embeddable":true,"href":"https:\/\/blogdodanielgalvao.com.br\/site\/wp-json\/wp\/v2\/tags?post=30699"}],"curies":[{"name":"wp","href":"https:\/\/api.w.org\/{rel}","templated":true}]}}