{"id":30696,"date":"2026-03-04T16:31:44","date_gmt":"2026-03-04T19:31:44","guid":{"rendered":"https:\/\/blogdodanielgalvao.com.br\/site\/?p=30696"},"modified":"2026-03-04T16:31:53","modified_gmt":"2026-03-04T19:31:53","slug":"praia-do-forte-e-centro-recebem-programacao-organizada-por-coletivos-feministas","status":"publish","type":"post","link":"https:\/\/blogdodanielgalvao.com.br\/site\/praia-do-forte-e-centro-recebem-programacao-organizada-por-coletivos-feministas\/","title":{"rendered":"Praia do Forte e Centro recebem programa\u00e7\u00e3o organizada por coletivos feministas"},"content":{"rendered":"\n<p>O Dia Internacional da Mulher ser\u00e1 marcado por manifesta\u00e7\u00f5es p\u00fablicas em Cabo Frio. Coletivos e ativistas locais organizam uma s\u00e9rie de a\u00e7\u00f5es para chamar a aten\u00e7\u00e3o da sociedade para a viol\u00eancia de g\u00eanero e cobrar medidas mais eficazes do poder p\u00fablico.<\/p>\n\n\n\n<p>A culmin\u00e2ncia da programa\u00e7\u00e3o ocorre no domingo (8) com o BlocAto 8M. A concentra\u00e7\u00e3o est\u00e1 prevista para as 15h, na Rosa dos Ventos, na Praia do Forte. De l\u00e1, o grupo seguir\u00e1 em caminhada at\u00e9 a Pra\u00e7a da Cidadania, onde est\u00e1 previsto um ato pol\u00edtico-cultural com m\u00fasica, interven\u00e7\u00f5es art\u00edsticas, cantos e palavras de ordem.<\/p>\n\n\n\n<p>Ainda no domingo pela manh\u00e3, a Praia do Forte ser\u00e1 palco de uma interven\u00e7\u00e3o simb\u00f3lica: cruzes de madeira ser\u00e3o fincadas na areia em mem\u00f3ria das v\u00edtimas de feminic\u00eddio e de outras formas de viol\u00eancia contra mulheres registradas no pa\u00eds.<\/p>\n\n\n\n<p>As atividades come\u00e7am, no entanto, na v\u00e9spera. No s\u00e1bado (7), no Centro da cidade, participantes estender\u00e3o uma faixa na Rua Teixeira e Souza com mensagens de conscientiza\u00e7\u00e3o sobre a viol\u00eancia contra a mulher e a necessidade de pol\u00edticas p\u00fablicas permanentes. De acordo com as organizadoras, o 8 de mar\u00e7o n\u00e3o deve ser tratado como celebra\u00e7\u00e3o, mas como um marco de resist\u00eancia e reivindica\u00e7\u00e3o por direitos.&nbsp;&nbsp;&nbsp;<\/p>\n","protected":false},"excerpt":{"rendered":"<p>O Dia Internacional da Mulher ser\u00e1 marcado por manifesta\u00e7\u00f5es p\u00fablicas em Cabo Frio. Coletivos e ativistas locais organizam uma s\u00e9rie de a\u00e7\u00f5es para chamar a aten\u00e7\u00e3o da sociedade para a viol\u00eancia de g\u00eanero e cobrar medidas mais eficazes do poder p\u00fablico. A culmin\u00e2ncia da programa\u00e7\u00e3o ocorre no domingo (8) com o BlocAto 8M. A concentra\u00e7\u00e3o [&hellip;]<\/p>\n","protected":false},"author":2,"featured_media":30697,"comment_status":"open","ping_status":"open","sticky":false,"template":"","format":"standard","meta":{"footnotes":""},"categories":[340],"tags":[],"class_list":["post-30696","post","type-post","status-publish","format-standard","has-post-thumbnail","hentry","category-cabo-frio"],"_links":{"self":[{"href":"https:\/\/blogdodanielgalvao.com.br\/site\/wp-json\/wp\/v2\/posts\/30696","targetHints":{"allow":["GET"]}}],"collection":[{"href":"https:\/\/blogdodanielgalvao.com.br\/site\/wp-json\/wp\/v2\/posts"}],"about":[{"href":"https:\/\/blogdodanielgalvao.com.br\/site\/wp-json\/wp\/v2\/types\/post"}],"author":[{"embeddable":true,"href":"https:\/\/blogdodanielgalvao.com.br\/site\/wp-json\/wp\/v2\/users\/2"}],"replies":[{"embeddable":true,"href":"https:\/\/blogdodanielgalvao.com.br\/site\/wp-json\/wp\/v2\/comments?post=30696"}],"version-history":[{"count":1,"href":"https:\/\/blogdodanielgalvao.com.br\/site\/wp-json\/wp\/v2\/posts\/30696\/revisions"}],"predecessor-version":[{"id":30698,"href":"https:\/\/blogdodanielgalvao.com.br\/site\/wp-json\/wp\/v2\/posts\/30696\/revisions\/30698"}],"wp:featuredmedia":[{"embeddable":true,"href":"https:\/\/blogdodanielgalvao.com.br\/site\/wp-json\/wp\/v2\/media\/30697"}],"wp:attachment":[{"href":"https:\/\/blogdodanielgalvao.com.br\/site\/wp-json\/wp\/v2\/media?parent=30696"}],"wp:term":[{"taxonomy":"category","embeddable":true,"href":"https:\/\/blogdodanielgalvao.com.br\/site\/wp-json\/wp\/v2\/categories?post=30696"},{"taxonomy":"post_tag","embeddable":true,"href":"https:\/\/blogdodanielgalvao.com.br\/site\/wp-json\/wp\/v2\/tags?post=30696"}],"curies":[{"name":"wp","href":"https:\/\/api.w.org\/{rel}","templated":true}]}}