{"id":30675,"date":"2026-03-04T11:46:40","date_gmt":"2026-03-04T14:46:40","guid":{"rendered":"https:\/\/blogdodanielgalvao.com.br\/site\/?p=30675"},"modified":"2026-03-04T11:46:43","modified_gmt":"2026-03-04T14:46:43","slug":"acao-ambiental-reune-universitarios-e-fortalece-preservacao-no-parque-municipal-em-cabo-frio","status":"publish","type":"post","link":"https:\/\/blogdodanielgalvao.com.br\/site\/acao-ambiental-reune-universitarios-e-fortalece-preservacao-no-parque-municipal-em-cabo-frio\/","title":{"rendered":"A\u00e7\u00e3o ambiental re\u00fane universit\u00e1rios e fortalece preserva\u00e7\u00e3o no parque municipal em Cabo Frio"},"content":{"rendered":"\n<p>O Parque Ecol\u00f3gico Municipal Dormit\u00f3rio das Gar\u00e7as recebeu, nesta ter\u00e7a-feira (3), a visita de 25 estudantes de Ci\u00eancias M\u00e9dicas da Universidade do Estado do Rio de Janeiro (UERJ), campus Cabo Frio. A programa\u00e7\u00e3o integrou uma atividade de educa\u00e7\u00e3o ambiental com foco na preserva\u00e7\u00e3o da biodiversidade.<\/p>\n\n\n\n<p>Durante a visita, os universit\u00e1rios participaram de uma trilha orientada pela equipe da Secretaria de Meio Ambiente, Clima e Saneamento, com explica\u00e7\u00f5es sobre a import\u00e2ncia ecol\u00f3gica da \u00e1rea e os desafios da conserva\u00e7\u00e3o urbana.<\/p>\n\n\n\n<p>A a\u00e7\u00e3o incluiu o plantio de 40 mudas de esp\u00e9cies nativas, como mangue negro, vermelho, branco e de bot\u00e3o, al\u00e9m de aroeira, ara\u00e7\u00e1, cajueiro, pitanga, pau-brasil, pau-ferro, angico e pau-d\u2019alho.<\/p>\n\n\n\n<p>\u201cEu n\u00e3o conhecia esse espa\u00e7o na cidade e foi uma experi\u00eancia incr\u00edvel ter essa conex\u00e3o com a natureza. Plantei uma pitangueira e espero voltar daqui a alguns anos para ver o crescimento. \u00c9 um privil\u00e9gio participar e saber que a \u00e1rvore ficar\u00e1 para as pr\u00f3ximas gera\u00e7\u00f5es\u201d, relatou a estudante Melina Boscoli.<\/p>\n\n\n\n<p>Segundo o bi\u00f3logo e gestor do parque, Marcos Felipe Vargas, a iniciativa refor\u00e7a o papel do Dormit\u00f3rio das Gar\u00e7as como \u00e1rea de prote\u00e7\u00e3o integral. \u201cPromovemos diversas a\u00e7\u00f5es gratuitas de educa\u00e7\u00e3o ambiental que aproximam a comunidade do meio ambiente. A parceria com universidades \u00e9 fundamental para ampliar pesquisas, estimular a troca de conhecimento e integrar a conserva\u00e7\u00e3o \u00e0s pol\u00edticas de desenvolvimento sustent\u00e1vel do munic\u00edpio\u201d, destacou.<\/p>\n\n\n\n<p>O parque est\u00e1 aberto \u00e0 visita\u00e7\u00e3o di\u00e1ria. Grupos maiores devem realizar agendamento pr\u00e9vio.<\/p>\n\n\n\n<p>Endere\u00e7o: Avenida Wilson Mendes, Porto do Carro \u2013 Cabo Frio<\/p>\n\n\n\n<p>Visita\u00e7\u00e3o: segunda a sexta-feira, das 9h \u00e0s 17h<\/p>\n\n\n\n<p>S\u00e1bados, domingos e feriados, das 9h \u00e0s 14h<\/p>\n\n\n\n<p>Telefone: (22) 3199-0408<\/p>\n\n\n\n<p>E-mail: <a href=\"mailto:pnmdg.visitas@gmail.com\">pnmdg.visitas@gmail.com<\/a><\/p>\n\n\n\n<p>Foto: Ygor Carvalho&nbsp;&nbsp;&nbsp;&nbsp;&nbsp;&nbsp;&nbsp;&nbsp;<\/p>\n","protected":false},"excerpt":{"rendered":"<p>O Parque Ecol\u00f3gico Municipal Dormit\u00f3rio das Gar\u00e7as recebeu, nesta ter\u00e7a-feira (3), a visita de 25 estudantes de Ci\u00eancias M\u00e9dicas da Universidade do Estado do Rio de Janeiro (UERJ), campus Cabo Frio. A programa\u00e7\u00e3o integrou uma atividade de educa\u00e7\u00e3o ambiental com foco na preserva\u00e7\u00e3o da biodiversidade. Durante a visita, os universit\u00e1rios participaram de uma trilha orientada [&hellip;]<\/p>\n","protected":false},"author":2,"featured_media":30676,"comment_status":"open","ping_status":"open","sticky":false,"template":"","format":"standard","meta":{"footnotes":""},"categories":[340,2982],"tags":[],"class_list":["post-30675","post","type-post","status-publish","format-standard","has-post-thumbnail","hentry","category-cabo-frio","category-destaque-noticia-4"],"_links":{"self":[{"href":"https:\/\/blogdodanielgalvao.com.br\/site\/wp-json\/wp\/v2\/posts\/30675","targetHints":{"allow":["GET"]}}],"collection":[{"href":"https:\/\/blogdodanielgalvao.com.br\/site\/wp-json\/wp\/v2\/posts"}],"about":[{"href":"https:\/\/blogdodanielgalvao.com.br\/site\/wp-json\/wp\/v2\/types\/post"}],"author":[{"embeddable":true,"href":"https:\/\/blogdodanielgalvao.com.br\/site\/wp-json\/wp\/v2\/users\/2"}],"replies":[{"embeddable":true,"href":"https:\/\/blogdodanielgalvao.com.br\/site\/wp-json\/wp\/v2\/comments?post=30675"}],"version-history":[{"count":1,"href":"https:\/\/blogdodanielgalvao.com.br\/site\/wp-json\/wp\/v2\/posts\/30675\/revisions"}],"predecessor-version":[{"id":30677,"href":"https:\/\/blogdodanielgalvao.com.br\/site\/wp-json\/wp\/v2\/posts\/30675\/revisions\/30677"}],"wp:featuredmedia":[{"embeddable":true,"href":"https:\/\/blogdodanielgalvao.com.br\/site\/wp-json\/wp\/v2\/media\/30676"}],"wp:attachment":[{"href":"https:\/\/blogdodanielgalvao.com.br\/site\/wp-json\/wp\/v2\/media?parent=30675"}],"wp:term":[{"taxonomy":"category","embeddable":true,"href":"https:\/\/blogdodanielgalvao.com.br\/site\/wp-json\/wp\/v2\/categories?post=30675"},{"taxonomy":"post_tag","embeddable":true,"href":"https:\/\/blogdodanielgalvao.com.br\/site\/wp-json\/wp\/v2\/tags?post=30675"}],"curies":[{"name":"wp","href":"https:\/\/api.w.org\/{rel}","templated":true}]}}