{"id":30657,"date":"2026-03-04T10:57:10","date_gmt":"2026-03-04T13:57:10","guid":{"rendered":"https:\/\/blogdodanielgalvao.com.br\/site\/?p=30657"},"modified":"2026-03-04T10:57:15","modified_gmt":"2026-03-04T13:57:15","slug":"homem-e-preso-pela-pm-apos-denuncia-de-venda-de-drogas-em-bairro-de-macae","status":"publish","type":"post","link":"https:\/\/blogdodanielgalvao.com.br\/site\/homem-e-preso-pela-pm-apos-denuncia-de-venda-de-drogas-em-bairro-de-macae\/","title":{"rendered":"Homem \u00e9 preso pela PM ap\u00f3s den\u00fancia de venda de drogas em bairro de Maca\u00e9"},"content":{"rendered":"\n<p>Uma nova a\u00e7\u00e3o da Pol\u00edcia Militar (PM) na Comunidade da Linha, no bairro Alto Cajueiros, em Maca\u00e9, resultou na pris\u00e3o de mais 1 homem por envolvimento com o tr\u00e1fico de drogas e apreens\u00e3o de drogas e ve\u00edculo.<\/p>\n\n\n\n<p>A a\u00e7\u00e3o aconteceu na noite dessa ter\u00e7a-feira, 3, quando agentes do Grupamento de A\u00e7\u00f5es T\u00e1ticas (GAT) seguiu informa\u00e7\u00f5es de uma den\u00fancia an\u00f4nima que davam conta da atua\u00e7\u00e3o de 1 homem na venda de drogas na localidade.<\/p>\n\n\n\n<p>Os policiais encontraram o suspeito conduzindo uma motocicleta Honda CG Titan 160 azul na Rua Jandira Perlingero, que tentou fugir abandonando o ve\u00edculo ao perceber a aproxima\u00e7\u00e3o dos agentes do 32\u00ba Batalh\u00e3o da PM (32\u00ba BPM).<\/p>\n\n\n\n<p>Depois de capturado, o homem foi revistado, sendo encontradas escondidas nas roupas pedras de crack, c\u00e1psulas de coca\u00edna e por\u00e7\u00f5es de maconha, cuja quantidade n\u00e3o foi divulgada, al\u00e9m de 1 telefone celular da marca iPhone.<\/p>\n\n\n\n<p>O criminoso foi levado para a 123\u00aa Delegacia de Pol\u00edcia Civil (123\u00aa DP), de Maca\u00e9, onde foi descoberto que ele possu\u00eda uma anota\u00e7\u00e3o criminal por tr\u00e1fico de drogas, tendo a pris\u00e3o decretada e sendo colocado atr\u00e1s das grades.<\/p>\n\n\n\n<p>Tamb\u00e9m levadas para a 123\u00aa DP, as drogas e a motocicleta ficaram apreendidas, enquanto o homem vai responder pelos crimes de tr\u00e1fico de drogas e associa\u00e7\u00e3o para o tr\u00e1fico, cuja pena pode chegar a 25 anos de pris\u00e3o.<\/p>\n","protected":false},"excerpt":{"rendered":"<p>Uma nova a\u00e7\u00e3o da Pol\u00edcia Militar (PM) na Comunidade da Linha, no bairro Alto Cajueiros, em Maca\u00e9, resultou na pris\u00e3o de mais 1 homem por envolvimento com o tr\u00e1fico de drogas e apreens\u00e3o de drogas e ve\u00edculo. A a\u00e7\u00e3o aconteceu na noite dessa ter\u00e7a-feira, 3, quando agentes do Grupamento de A\u00e7\u00f5es T\u00e1ticas (GAT) seguiu informa\u00e7\u00f5es [&hellip;]<\/p>\n","protected":false},"author":2,"featured_media":30658,"comment_status":"open","ping_status":"open","sticky":false,"template":"","format":"standard","meta":{"footnotes":""},"categories":[1899],"tags":[],"class_list":["post-30657","post","type-post","status-publish","format-standard","has-post-thumbnail","hentry","category-policia"],"_links":{"self":[{"href":"https:\/\/blogdodanielgalvao.com.br\/site\/wp-json\/wp\/v2\/posts\/30657","targetHints":{"allow":["GET"]}}],"collection":[{"href":"https:\/\/blogdodanielgalvao.com.br\/site\/wp-json\/wp\/v2\/posts"}],"about":[{"href":"https:\/\/blogdodanielgalvao.com.br\/site\/wp-json\/wp\/v2\/types\/post"}],"author":[{"embeddable":true,"href":"https:\/\/blogdodanielgalvao.com.br\/site\/wp-json\/wp\/v2\/users\/2"}],"replies":[{"embeddable":true,"href":"https:\/\/blogdodanielgalvao.com.br\/site\/wp-json\/wp\/v2\/comments?post=30657"}],"version-history":[{"count":1,"href":"https:\/\/blogdodanielgalvao.com.br\/site\/wp-json\/wp\/v2\/posts\/30657\/revisions"}],"predecessor-version":[{"id":30659,"href":"https:\/\/blogdodanielgalvao.com.br\/site\/wp-json\/wp\/v2\/posts\/30657\/revisions\/30659"}],"wp:featuredmedia":[{"embeddable":true,"href":"https:\/\/blogdodanielgalvao.com.br\/site\/wp-json\/wp\/v2\/media\/30658"}],"wp:attachment":[{"href":"https:\/\/blogdodanielgalvao.com.br\/site\/wp-json\/wp\/v2\/media?parent=30657"}],"wp:term":[{"taxonomy":"category","embeddable":true,"href":"https:\/\/blogdodanielgalvao.com.br\/site\/wp-json\/wp\/v2\/categories?post=30657"},{"taxonomy":"post_tag","embeddable":true,"href":"https:\/\/blogdodanielgalvao.com.br\/site\/wp-json\/wp\/v2\/tags?post=30657"}],"curies":[{"name":"wp","href":"https:\/\/api.w.org\/{rel}","templated":true}]}}