{"id":30640,"date":"2026-03-03T17:19:59","date_gmt":"2026-03-03T20:19:59","guid":{"rendered":"https:\/\/blogdodanielgalvao.com.br\/site\/?p=30640"},"modified":"2026-03-03T17:20:07","modified_gmt":"2026-03-03T20:20:07","slug":"paulo-ricardo-fecha-arraial-bbq-festival-no-barcelao-em-arraial-do-cabo","status":"publish","type":"post","link":"https:\/\/blogdodanielgalvao.com.br\/site\/paulo-ricardo-fecha-arraial-bbq-festival-no-barcelao-em-arraial-do-cabo\/","title":{"rendered":"Paulo Ricardo fecha Arraial BBQ Festival no Barcel\u00e3o em Arraial do Cabo"},"content":{"rendered":"\n<p>O Arraial BBQ Festival promete movimentar o Centro de Arraial do Cabo entre os dias 6 e 8 de mar\u00e7o, reunindo gastronomia especializada e uma programa\u00e7\u00e3o musical diversificada. A principal atra\u00e7\u00e3o confirmada \u00e9 o cantor, que sobe ao palco no domingo (8) para encerrar o evento.<\/p>\n\n\n\n<p>A estrutura ser\u00e1 montada no, conhecido como Barcel\u00e3o, com acesso gratuito ao p\u00fablico durante os tr\u00eas dias de programa\u00e7\u00e3o. A expectativa \u00e9 atrair moradores e visitantes em busca de entretenimento e experi\u00eancias gastron\u00f4micas diferenciadas.<\/p>\n\n\n\n<p>Al\u00e9m de bandas tributo ao rock nacional e internacional, o festival contar\u00e1 com o show especial de Paulo Ricardo, que apresentar\u00e1 repert\u00f3rio com sucessos do RPM, m\u00fasicas da carreira solo e cl\u00e1ssicos do pop rock brasileiro.<\/p>\n\n\n\n<p>A curadoria gastron\u00f4mica \u00e9 assinada pela equipe do, refer\u00eancia no segmento de festivais de churrasco no pa\u00eds. O p\u00fablico poder\u00e1 acompanhar esta\u00e7\u00f5es de carnes premium preparadas ao vivo por chefs assadores, com cortes como costela no fogo de ch\u00e3o, torresmo de rolo, cupim defumado, ancho, picanha e hamb\u00farguer na brasa.<\/p>\n\n\n\n<p>O evento tamb\u00e9m ter\u00e1 estandes de chope, drinks especiais e espa\u00e7o kids, ampliando as op\u00e7\u00f5es para toda a fam\u00edlia.<\/p>\n\n\n\n<p><strong>Programa\u00e7\u00e3o de shows<\/strong><\/p>\n\n\n\n<p><strong>Sexta, 6 de mar\u00e7o<\/strong><\/p>\n\n\n\n<p>19h: Capital El\u00e9trico<\/p>\n\n\n\n<p>22h: Black Circle<\/p>\n\n\n\n<p><strong>S\u00e1bado, 7 de mar\u00e7o<\/strong><\/p>\n\n\n\n<p>13h: Perdidos na Selva<\/p>\n\n\n\n<p>16h: Markyze<\/p>\n\n\n\n<p>19h: Ramona Rox<\/p>\n\n\n\n<p>22h: Pepper Spray<\/p>\n\n\n\n<p><strong>Domingo, 8 de mar\u00e7o<\/strong><\/p>\n\n\n\n<p>12h30: Os Cascas<\/p>\n\n\n\n<p>15h20: Dr. Law<\/p>\n\n\n\n<p>18h: Mais do Mesmo<\/p>\n\n\n\n<p>21h: Paulo Ricardo<\/p>\n","protected":false},"excerpt":{"rendered":"<p>O Arraial BBQ Festival promete movimentar o Centro de Arraial do Cabo entre os dias 6 e 8 de mar\u00e7o, reunindo gastronomia especializada e uma programa\u00e7\u00e3o musical diversificada. A principal atra\u00e7\u00e3o confirmada \u00e9 o cantor, que sobe ao palco no domingo (8) para encerrar o evento. A estrutura ser\u00e1 montada no, conhecido como Barcel\u00e3o, com [&hellip;]<\/p>\n","protected":false},"author":2,"featured_media":30642,"comment_status":"open","ping_status":"open","sticky":false,"template":"","format":"standard","meta":{"footnotes":""},"categories":[838,2982],"tags":[],"class_list":["post-30640","post","type-post","status-publish","format-standard","has-post-thumbnail","hentry","category-arraial-do-cabo","category-destaque-noticia-4"],"_links":{"self":[{"href":"https:\/\/blogdodanielgalvao.com.br\/site\/wp-json\/wp\/v2\/posts\/30640","targetHints":{"allow":["GET"]}}],"collection":[{"href":"https:\/\/blogdodanielgalvao.com.br\/site\/wp-json\/wp\/v2\/posts"}],"about":[{"href":"https:\/\/blogdodanielgalvao.com.br\/site\/wp-json\/wp\/v2\/types\/post"}],"author":[{"embeddable":true,"href":"https:\/\/blogdodanielgalvao.com.br\/site\/wp-json\/wp\/v2\/users\/2"}],"replies":[{"embeddable":true,"href":"https:\/\/blogdodanielgalvao.com.br\/site\/wp-json\/wp\/v2\/comments?post=30640"}],"version-history":[{"count":1,"href":"https:\/\/blogdodanielgalvao.com.br\/site\/wp-json\/wp\/v2\/posts\/30640\/revisions"}],"predecessor-version":[{"id":30643,"href":"https:\/\/blogdodanielgalvao.com.br\/site\/wp-json\/wp\/v2\/posts\/30640\/revisions\/30643"}],"wp:featuredmedia":[{"embeddable":true,"href":"https:\/\/blogdodanielgalvao.com.br\/site\/wp-json\/wp\/v2\/media\/30642"}],"wp:attachment":[{"href":"https:\/\/blogdodanielgalvao.com.br\/site\/wp-json\/wp\/v2\/media?parent=30640"}],"wp:term":[{"taxonomy":"category","embeddable":true,"href":"https:\/\/blogdodanielgalvao.com.br\/site\/wp-json\/wp\/v2\/categories?post=30640"},{"taxonomy":"post_tag","embeddable":true,"href":"https:\/\/blogdodanielgalvao.com.br\/site\/wp-json\/wp\/v2\/tags?post=30640"}],"curies":[{"name":"wp","href":"https:\/\/api.w.org\/{rel}","templated":true}]}}