{"id":30634,"date":"2026-03-03T16:56:02","date_gmt":"2026-03-03T19:56:02","guid":{"rendered":"https:\/\/blogdodanielgalvao.com.br\/site\/?p=30634"},"modified":"2026-03-03T16:59:13","modified_gmt":"2026-03-03T19:59:13","slug":"macae-reforca-parceria-com-o-estado-em-acoes-nas-areas-de-educacao-e-seguranca","status":"publish","type":"post","link":"https:\/\/blogdodanielgalvao.com.br\/site\/macae-reforca-parceria-com-o-estado-em-acoes-nas-areas-de-educacao-e-seguranca\/","title":{"rendered":"Maca\u00e9 refor\u00e7a parceria com o Estado em a\u00e7\u00f5es nas \u00e1reas de educa\u00e7\u00e3o e seguran\u00e7a"},"content":{"rendered":"\n<p>A Prefeitura de Maca\u00e9 e o Governo do Estado do Rio inauguram, nessa quarta-feira, 4, o Col\u00e9gio Estadual Carlos Walter Marinho Campos, no Lagomar, com solenidade marcada para as 9h, na Rua W18, s\/n, contando com a presen\u00e7a do prefeito Welberth Rezende (CIDADANIA) e do governador Cl\u00e1udio Castro (PL).<\/p>\n\n\n\n<p>Em v\u00eddeo publicado nas redes sociais, o prefeito Welberth lembrou que a iniciativa em parceria com o Estado pegou uma obra que estava no \u201cesqueleto\u201d, recuperando o edif\u00edcio e ampliando o acesso da popula\u00e7\u00e3o do Lagomar \u00e0s vagas de ensino m\u00e9dio.<\/p>\n\n\n\n<p>\u201cForam 17 anos com essa obra parada, e agora, em parceria com o Estado, vamos entregar \u00e0 popula\u00e7\u00e3o aquilo que ela sempre mereceu: respeito, compromisso e resultado. Convido todos voc\u00eas para estarem presentes nesse momento hist\u00f3rico para a nossa cidade, junto comigo e o governador Cl\u00e1udio Castro\u201d, escreveu Welberth.<\/p>\n\n\n\n<p>De acordo com a prefeitura, a entrega da unidade refor\u00e7a a import\u00e2ncia dos investimentos em educa\u00e7\u00e3o, ampliando a oferta de vagas e garantindo mais qualidade e modernidade \u00e0 infraestrutura escolar da cidade.<\/p>\n\n\n\n<p>Com pr\u00e9dio de 3 pavimentos, a nova unidade contar\u00e1 com 20 salas de aula com cerca de 50 metros quadrados (m\u00b2) cada, com capacidade para atender um total de 700 alunos, al\u00e9m de quadra poliesportiva, cozinha, copa e vesti\u00e1rios.<\/p>\n\n\n\n<p>Segundo o munic\u00edpio, a unidade passou por obras de readequa\u00e7\u00e3o, com a recupera\u00e7\u00e3o de salas, sanit\u00e1rios, cozinha, copa e vesti\u00e1rios, e a amplia\u00e7\u00e3o da quadra, al\u00e9m de melhorias na rede el\u00e9trica, rede hidr\u00e1ulica, e rede hidrossanit\u00e1ria, bem como urbaniza\u00e7\u00e3o do entorno e implanta\u00e7\u00e3o de jardins e biciclet\u00e1rio.<\/p>\n\n\n\n<p>\u201cCom estrutura moderna e adequada \u00e0s demandas educacionais, a escola est\u00e1 pronta para voltar a receber a comunidade estudantil, fortalecendo a integra\u00e7\u00e3o entre as redes municipal e estadual de ensino\u201d, refor\u00e7ou a prefeitura.<\/p>\n\n\n\n<p>Al\u00e9m da inaugura\u00e7\u00e3o da escola no Lagomar, a agenda do governador em Maca\u00e9 prev\u00ea ainda o lan\u00e7amento da pedra fundamental do Batalh\u00e3o Rodovi\u00e1rio de Maca\u00e9, na Pra\u00e7a Washington Luiz, no Centro, com a entrega de 20 viaturas blindadas doadas pela Pol\u00edcia Militar.<\/p>\n\n\n\n<p>\u201cA parceria refor\u00e7a o compromisso conjunto entre munic\u00edpio e Estado com o fortalecimento da educa\u00e7\u00e3o e da seguran\u00e7a p\u00fablica, promovendo mais qualidade de vida para a popula\u00e7\u00e3o macaense\u201d, completou Welberth.<\/p>\n","protected":false},"excerpt":{"rendered":"<p>A Prefeitura de Maca\u00e9 e o Governo do Estado do Rio inauguram, nessa quarta-feira, 4, o Col\u00e9gio Estadual Carlos Walter Marinho Campos, no Lagomar, com solenidade marcada para as 9h, na Rua W18, s\/n, contando com a presen\u00e7a do prefeito Welberth Rezende (CIDADANIA) e do governador Cl\u00e1udio Castro (PL). Em v\u00eddeo publicado nas redes sociais, [&hellip;]<\/p>\n","protected":false},"author":2,"featured_media":30635,"comment_status":"open","ping_status":"open","sticky":false,"template":"","format":"standard","meta":{"footnotes":""},"categories":[2978,2],"tags":[3257],"class_list":["post-30634","post","type-post","status-publish","format-standard","has-post-thumbnail","hentry","category-destaques-topo","category-macae","tag-inauguracao-de-colegio-no-lagomar"],"_links":{"self":[{"href":"https:\/\/blogdodanielgalvao.com.br\/site\/wp-json\/wp\/v2\/posts\/30634","targetHints":{"allow":["GET"]}}],"collection":[{"href":"https:\/\/blogdodanielgalvao.com.br\/site\/wp-json\/wp\/v2\/posts"}],"about":[{"href":"https:\/\/blogdodanielgalvao.com.br\/site\/wp-json\/wp\/v2\/types\/post"}],"author":[{"embeddable":true,"href":"https:\/\/blogdodanielgalvao.com.br\/site\/wp-json\/wp\/v2\/users\/2"}],"replies":[{"embeddable":true,"href":"https:\/\/blogdodanielgalvao.com.br\/site\/wp-json\/wp\/v2\/comments?post=30634"}],"version-history":[{"count":1,"href":"https:\/\/blogdodanielgalvao.com.br\/site\/wp-json\/wp\/v2\/posts\/30634\/revisions"}],"predecessor-version":[{"id":30636,"href":"https:\/\/blogdodanielgalvao.com.br\/site\/wp-json\/wp\/v2\/posts\/30634\/revisions\/30636"}],"wp:featuredmedia":[{"embeddable":true,"href":"https:\/\/blogdodanielgalvao.com.br\/site\/wp-json\/wp\/v2\/media\/30635"}],"wp:attachment":[{"href":"https:\/\/blogdodanielgalvao.com.br\/site\/wp-json\/wp\/v2\/media?parent=30634"}],"wp:term":[{"taxonomy":"category","embeddable":true,"href":"https:\/\/blogdodanielgalvao.com.br\/site\/wp-json\/wp\/v2\/categories?post=30634"},{"taxonomy":"post_tag","embeddable":true,"href":"https:\/\/blogdodanielgalvao.com.br\/site\/wp-json\/wp\/v2\/tags?post=30634"}],"curies":[{"name":"wp","href":"https:\/\/api.w.org\/{rel}","templated":true}]}}