{"id":30630,"date":"2026-03-03T14:09:25","date_gmt":"2026-03-03T17:09:25","guid":{"rendered":"https:\/\/blogdodanielgalvao.com.br\/site\/?p=30630"},"modified":"2026-03-03T14:09:31","modified_gmt":"2026-03-03T17:09:31","slug":"procon-de-cabo-frio-vistoria-vila-do-sol-apos-queixas-sobre-energia-e-agua","status":"publish","type":"post","link":"https:\/\/blogdodanielgalvao.com.br\/site\/procon-de-cabo-frio-vistoria-vila-do-sol-apos-queixas-sobre-energia-e-agua\/","title":{"rendered":"Procon de Cabo Frio vistoria Vila do Sol ap\u00f3s queixas sobre energia e \u00e1gua"},"content":{"rendered":"\n<p>O Procon Cabo Frio realizou, nesta segunda-feira (2), uma visita t\u00e9cnica ao bairro Vila do Sol para apurar reclama\u00e7\u00f5es relacionadas aos servi\u00e7os de energia el\u00e9trica e abastecimento de \u00e1gua. A a\u00e7\u00e3o ocorreu ap\u00f3s relatos de moradores sobre falhas recorrentes atribu\u00eddas \u00e0s concession\u00e1rias Enel e Prolagos.<\/p>\n\n\n\n<p>A equipe foi recebida por integrantes da associa\u00e7\u00e3o de moradores e percorreu diferentes vias da localidade. Durante a vistoria, foram constatadas situa\u00e7\u00f5es que refor\u00e7am as queixas apresentadas, como postes em condi\u00e7\u00f5es prec\u00e1rias, alguns ainda de madeira, al\u00e9m de trechos com fia\u00e7\u00e3o exposta, o que representa risco \u00e0 seguran\u00e7a de pedestres e moradores.<\/p>\n\n\n\n<p>No que diz respeito ao fornecimento de \u00e1gua pot\u00e1vel, a principal insatisfa\u00e7\u00e3o relatada envolve a redu\u00e7\u00e3o no abastecimento durante per\u00edodos de alta temporada, quando a demanda aumenta significativamente. Segundo a coordena\u00e7\u00e3o do \u00f3rg\u00e3o, os depoimentos colhidos e as evid\u00eancias registradas ir\u00e3o compor um processo administrativo que poder\u00e1 resultar em san\u00e7\u00f5es \u00e0s empresas respons\u00e1veis.<\/p>\n\n\n\n<p>\u201cA popula\u00e7\u00e3o pode sempre contar com o Procon nas causas comunit\u00e1rias. Afinal de contas, h\u00e1 uma rela\u00e7\u00e3o de consumo entre o morador e as concession\u00e1rias, portanto, a presta\u00e7\u00e3o de servi\u00e7o deve ser condizente com o valor que \u00e9 cobrado por ele\u201d, afirmou a coordenadora-geral do \u00f3rg\u00e3o, M\u00f4nica Bonioli.<\/p>\n\n\n\n<p>O Procon informou que seguir\u00e1 acompanhando o caso e que as concession\u00e1rias ser\u00e3o notificadas para prestar esclarecimentos formais.&nbsp;&nbsp;&nbsp;&nbsp;&nbsp;<\/p>\n","protected":false},"excerpt":{"rendered":"<p>O Procon Cabo Frio realizou, nesta segunda-feira (2), uma visita t\u00e9cnica ao bairro Vila do Sol para apurar reclama\u00e7\u00f5es relacionadas aos servi\u00e7os de energia el\u00e9trica e abastecimento de \u00e1gua. A a\u00e7\u00e3o ocorreu ap\u00f3s relatos de moradores sobre falhas recorrentes atribu\u00eddas \u00e0s concession\u00e1rias Enel e Prolagos. A equipe foi recebida por integrantes da associa\u00e7\u00e3o de moradores [&hellip;]<\/p>\n","protected":false},"author":2,"featured_media":30631,"comment_status":"open","ping_status":"open","sticky":false,"template":"","format":"standard","meta":{"footnotes":""},"categories":[340],"tags":[],"class_list":["post-30630","post","type-post","status-publish","format-standard","has-post-thumbnail","hentry","category-cabo-frio"],"_links":{"self":[{"href":"https:\/\/blogdodanielgalvao.com.br\/site\/wp-json\/wp\/v2\/posts\/30630","targetHints":{"allow":["GET"]}}],"collection":[{"href":"https:\/\/blogdodanielgalvao.com.br\/site\/wp-json\/wp\/v2\/posts"}],"about":[{"href":"https:\/\/blogdodanielgalvao.com.br\/site\/wp-json\/wp\/v2\/types\/post"}],"author":[{"embeddable":true,"href":"https:\/\/blogdodanielgalvao.com.br\/site\/wp-json\/wp\/v2\/users\/2"}],"replies":[{"embeddable":true,"href":"https:\/\/blogdodanielgalvao.com.br\/site\/wp-json\/wp\/v2\/comments?post=30630"}],"version-history":[{"count":1,"href":"https:\/\/blogdodanielgalvao.com.br\/site\/wp-json\/wp\/v2\/posts\/30630\/revisions"}],"predecessor-version":[{"id":30632,"href":"https:\/\/blogdodanielgalvao.com.br\/site\/wp-json\/wp\/v2\/posts\/30630\/revisions\/30632"}],"wp:featuredmedia":[{"embeddable":true,"href":"https:\/\/blogdodanielgalvao.com.br\/site\/wp-json\/wp\/v2\/media\/30631"}],"wp:attachment":[{"href":"https:\/\/blogdodanielgalvao.com.br\/site\/wp-json\/wp\/v2\/media?parent=30630"}],"wp:term":[{"taxonomy":"category","embeddable":true,"href":"https:\/\/blogdodanielgalvao.com.br\/site\/wp-json\/wp\/v2\/categories?post=30630"},{"taxonomy":"post_tag","embeddable":true,"href":"https:\/\/blogdodanielgalvao.com.br\/site\/wp-json\/wp\/v2\/tags?post=30630"}],"curies":[{"name":"wp","href":"https:\/\/api.w.org\/{rel}","templated":true}]}}