{"id":30627,"date":"2026-03-03T14:06:13","date_gmt":"2026-03-03T17:06:13","guid":{"rendered":"https:\/\/blogdodanielgalvao.com.br\/site\/?p=30627"},"modified":"2026-03-03T14:06:18","modified_gmt":"2026-03-03T17:06:18","slug":"estudantes-quilombolas-de-cabo-frio-conquistam-1o-e-2o-lugares-em-competicao-nacional","status":"publish","type":"post","link":"https:\/\/blogdodanielgalvao.com.br\/site\/estudantes-quilombolas-de-cabo-frio-conquistam-1o-e-2o-lugares-em-competicao-nacional\/","title":{"rendered":"Estudantes quilombolas de Cabo Frio conquistam 1\u00ba e 2\u00ba lugares em competi\u00e7\u00e3o nacional"},"content":{"rendered":"\n<p>A Escola Agr\u00edcola Municipal Nilo Batista, integrante da rede p\u00fablica de Cabo Frio, conquistou proje\u00e7\u00e3o nacional ao garantir o 1\u00ba e o 2\u00ba lugares entre as escolas quilombolas de Ensino M\u00e9dio na Olimp\u00edada Brasileira de Hist\u00f3ria e Cultura Afro-Brasileira, Africana e Ind\u00edgena. A unidade tamb\u00e9m alcan\u00e7ou a 6\u00aa coloca\u00e7\u00e3o nacional no Ensino Fundamental, refor\u00e7ando sua atua\u00e7\u00e3o no campo da educa\u00e7\u00e3o voltada \u00e0s rela\u00e7\u00f5es \u00e9tnico-raciais.<\/p>\n\n\n\n<p>A edi\u00e7\u00e3o de 2025 da olimp\u00edada reuniu 1.773 equipes de diferentes estados brasileiros e abordou o tema \u201cEduca\u00e7\u00e3o para as rela\u00e7\u00f5es \u00e9tnico-raciais: Povos e comunidades tradicionais frente ao racismo ambiental e \u00e0s emerg\u00eancias clim\u00e1ticas\u201d. A iniciativa \u00e9 promovida pela Associa\u00e7\u00e3o Brasileira de Pesquisadores Negros e prop\u00f5e desafios acad\u00eamicos com envio de produ\u00e7\u00f5es por meio de plataforma digital.<\/p>\n\n\n\n<p>Ao todo, 21 alunos da escola participaram da competi\u00e7\u00e3o, organizados em tr\u00eas grupos. No Ensino M\u00e9dio, a equipe \u201cOs Aruandas\u201d obteve a maior pontua\u00e7\u00e3o nacional entre escolas quilombolas, com 95,65 pontos. J\u00e1 o grupo \u201cTerrit\u00f3rio e Resist\u00eancia\u201d ficou com a segunda coloca\u00e7\u00e3o, somando 94,40. No Ensino Fundamental, a equipe \u201cPoder Afroind\u00edgena\u201d conquistou o 6\u00ba lugar nacional, com 86,40 pontos.<\/p>\n\n\n\n<p>Os trabalhos desenvolvidos envolveram pesquisa, produ\u00e7\u00e3o textual, podcast, quiz e hist\u00f3ria em quadrinhos. Entre os temas abordados estiveram as comunidades quilombolas do Par\u00e1 diante das mudan\u00e7as clim\u00e1ticas, o impacto ambiental no Cerrado sobre comunidades geraizeiras e a rela\u00e7\u00e3o entre ancestralidade e natureza na bacia do Rio Una.<\/p>\n\n\n\n<p>Para o secret\u00e1rio municipal de Educa\u00e7\u00e3o, Alessandro Teixeira, o resultado consolida a pol\u00edtica educacional voltada \u00e0 valoriza\u00e7\u00e3o da identidade e da hist\u00f3ria dos estudantes. \u201cEssa conquista enche a nossa rede de orgulho e mostra que investir em uma educa\u00e7\u00e3o antirracista, que valoriza a hist\u00f3ria e a identidade dos nossos estudantes, traz resultados concretos. A Escola Agr\u00edcola Municipal Nilo Batista demonstra que a educa\u00e7\u00e3o p\u00fablica de Cabo Frio tem qualidade, compromisso social e protagonismo nacional\u201d, afirmou.<\/p>\n\n\n\n<p>O diretor da unidade, Andr\u00e9 Souza, ressaltou que a participa\u00e7\u00e3o na olimp\u00edada integra um projeto cont\u00ednuo iniciado em 2024. \u201cFoi com imenso orgulho e profunda satisfa\u00e7\u00e3o que celebramos o desempenho dos nossos alunos na OBERERI 2025. Vejo nesta conquista n\u00e3o apenas uma premia\u00e7\u00e3o, mas o reflexo direto do compromisso da nossa comunidade escolar com uma educa\u00e7\u00e3o que fortalece as ra\u00edzes dos nossos estudantes e valoriza a hist\u00f3ria do nosso territ\u00f3rio. Ver nossos jovens se destacando em uma olimp\u00edada de tamanha relev\u00e2ncia nacional s\u00f3 nos mostra que estamos no caminho certo\u201d, declarou.<\/p>\n\n\n\n<p>Al\u00e9m de medalhas e certificados, a escola ser\u00e1 contemplada com o Selo Escola Antirracista concedido pela ABPN. A cerim\u00f4nia de entrega est\u00e1 prevista para ocorrer ainda neste m\u00eas de mar\u00e7o. A unidade tamb\u00e9m poder\u00e1 receber bolsa de inicia\u00e7\u00e3o cient\u00edfica j\u00fanior, conforme previsto no edital da edi\u00e7\u00e3o 2025.&nbsp;&nbsp;&nbsp;&nbsp;<\/p>\n","protected":false},"excerpt":{"rendered":"<p>A Escola Agr\u00edcola Municipal Nilo Batista, integrante da rede p\u00fablica de Cabo Frio, conquistou proje\u00e7\u00e3o nacional ao garantir o 1\u00ba e o 2\u00ba lugares entre as escolas quilombolas de Ensino M\u00e9dio na Olimp\u00edada Brasileira de Hist\u00f3ria e Cultura Afro-Brasileira, Africana e Ind\u00edgena. A unidade tamb\u00e9m alcan\u00e7ou a 6\u00aa coloca\u00e7\u00e3o nacional no Ensino Fundamental, refor\u00e7ando sua [&hellip;]<\/p>\n","protected":false},"author":2,"featured_media":30628,"comment_status":"open","ping_status":"open","sticky":false,"template":"","format":"standard","meta":{"footnotes":""},"categories":[340,2982],"tags":[],"class_list":["post-30627","post","type-post","status-publish","format-standard","has-post-thumbnail","hentry","category-cabo-frio","category-destaque-noticia-4"],"_links":{"self":[{"href":"https:\/\/blogdodanielgalvao.com.br\/site\/wp-json\/wp\/v2\/posts\/30627","targetHints":{"allow":["GET"]}}],"collection":[{"href":"https:\/\/blogdodanielgalvao.com.br\/site\/wp-json\/wp\/v2\/posts"}],"about":[{"href":"https:\/\/blogdodanielgalvao.com.br\/site\/wp-json\/wp\/v2\/types\/post"}],"author":[{"embeddable":true,"href":"https:\/\/blogdodanielgalvao.com.br\/site\/wp-json\/wp\/v2\/users\/2"}],"replies":[{"embeddable":true,"href":"https:\/\/blogdodanielgalvao.com.br\/site\/wp-json\/wp\/v2\/comments?post=30627"}],"version-history":[{"count":1,"href":"https:\/\/blogdodanielgalvao.com.br\/site\/wp-json\/wp\/v2\/posts\/30627\/revisions"}],"predecessor-version":[{"id":30629,"href":"https:\/\/blogdodanielgalvao.com.br\/site\/wp-json\/wp\/v2\/posts\/30627\/revisions\/30629"}],"wp:featuredmedia":[{"embeddable":true,"href":"https:\/\/blogdodanielgalvao.com.br\/site\/wp-json\/wp\/v2\/media\/30628"}],"wp:attachment":[{"href":"https:\/\/blogdodanielgalvao.com.br\/site\/wp-json\/wp\/v2\/media?parent=30627"}],"wp:term":[{"taxonomy":"category","embeddable":true,"href":"https:\/\/blogdodanielgalvao.com.br\/site\/wp-json\/wp\/v2\/categories?post=30627"},{"taxonomy":"post_tag","embeddable":true,"href":"https:\/\/blogdodanielgalvao.com.br\/site\/wp-json\/wp\/v2\/tags?post=30627"}],"curies":[{"name":"wp","href":"https:\/\/api.w.org\/{rel}","templated":true}]}}