{"id":30624,"date":"2026-03-03T14:02:57","date_gmt":"2026-03-03T17:02:57","guid":{"rendered":"https:\/\/blogdodanielgalvao.com.br\/site\/?p=30624"},"modified":"2026-03-03T14:03:03","modified_gmt":"2026-03-03T17:03:03","slug":"arraial-do-cabo-promove-festival-ambiental-em-figueira-no-dia-mundial-da-agua","status":"publish","type":"post","link":"https:\/\/blogdodanielgalvao.com.br\/site\/arraial-do-cabo-promove-festival-ambiental-em-figueira-no-dia-mundial-da-agua\/","title":{"rendered":"Arraial do Cabo promove festival ambiental em Figueira no Dia Mundial da \u00c1gua"},"content":{"rendered":"\n<p>No dia 22 de mar\u00e7o, Arraial do Cabo transforma a Pra\u00e7a de Figueira em palco de conscientiza\u00e7\u00e3o e celebra\u00e7\u00e3o. Conhecida como \u201cCapital do Mergulho\u201d, a cidade realiza o 1\u00ba Festival das \u00c1guas, iniciativa que combina manifesta\u00e7\u00f5es culturais, a\u00e7\u00f5es educativas e valoriza\u00e7\u00e3o ambiental em torno do Dia Mundial da \u00c1gua. A programa\u00e7\u00e3o come\u00e7a \u00e0s 10h e \u00e9 gratuita, voltada a moradores e turistas.<\/p>\n\n\n\n<p>Idealizado pelas secretarias de Ambiente e Saneamento, Cultura e Economia Criativa e Turismo, o festival nasce com um prop\u00f3sito claro: refor\u00e7ar a import\u00e2ncia da \u00e1gua como patrim\u00f4nio natural e elemento central da identidade local. Seja no mar que garante o sustento de in\u00fameras fam\u00edlias de pescadores, seja nas lagoas que comp\u00f5em a paisagem cabista, o recurso h\u00eddrico ocupa papel estrat\u00e9gico na economia e na cultura do munic\u00edpio.<\/p>\n\n\n\n<p>A proposta \u00e9 transformar o espa\u00e7o p\u00fablico em ambiente de troca entre diferentes gera\u00e7\u00f5es. Entre as atra\u00e7\u00f5es confirmadas est\u00e1 o teatro educativo com o personagem Prolaguito, que apresenta de forma leve e interativa conceitos sobre o ciclo da \u00e1gua e preserva\u00e7\u00e3o ambiental, especialmente voltados ao p\u00fablico infantil.<\/p>\n\n\n\n<p>A programa\u00e7\u00e3o tamb\u00e9m inclui apresenta\u00e7\u00f5es musicais, mostra de iniciativas socioambientais, feira de artesanato, culin\u00e1ria tradicional ligada \u00e0 pesca e rodas de conversa que aproximam o conhecimento popular das novas pr\u00e1ticas de sustentabilidade.<\/p>\n\n\n\n<p>Mais do que um evento pontual, a iniciativa refor\u00e7a o v\u00ednculo hist\u00f3rico entre a popula\u00e7\u00e3o cabista e o mar, convidando a comunidade a refletir sobre o uso respons\u00e1vel dos recursos naturais e a preserva\u00e7\u00e3o do territ\u00f3rio.&nbsp;&nbsp;&nbsp;<\/p>\n\n\n\n<p>Foto: Vanessa Rodrigues&nbsp;&nbsp;&nbsp;<\/p>\n","protected":false},"excerpt":{"rendered":"<p>No dia 22 de mar\u00e7o, Arraial do Cabo transforma a Pra\u00e7a de Figueira em palco de conscientiza\u00e7\u00e3o e celebra\u00e7\u00e3o. Conhecida como \u201cCapital do Mergulho\u201d, a cidade realiza o 1\u00ba Festival das \u00c1guas, iniciativa que combina manifesta\u00e7\u00f5es culturais, a\u00e7\u00f5es educativas e valoriza\u00e7\u00e3o ambiental em torno do Dia Mundial da \u00c1gua. A programa\u00e7\u00e3o come\u00e7a \u00e0s 10h e [&hellip;]<\/p>\n","protected":false},"author":2,"featured_media":30625,"comment_status":"open","ping_status":"open","sticky":false,"template":"","format":"standard","meta":{"footnotes":""},"categories":[340,2981],"tags":[],"class_list":["post-30624","post","type-post","status-publish","format-standard","has-post-thumbnail","hentry","category-cabo-frio","category-destaque-noticia-3"],"_links":{"self":[{"href":"https:\/\/blogdodanielgalvao.com.br\/site\/wp-json\/wp\/v2\/posts\/30624","targetHints":{"allow":["GET"]}}],"collection":[{"href":"https:\/\/blogdodanielgalvao.com.br\/site\/wp-json\/wp\/v2\/posts"}],"about":[{"href":"https:\/\/blogdodanielgalvao.com.br\/site\/wp-json\/wp\/v2\/types\/post"}],"author":[{"embeddable":true,"href":"https:\/\/blogdodanielgalvao.com.br\/site\/wp-json\/wp\/v2\/users\/2"}],"replies":[{"embeddable":true,"href":"https:\/\/blogdodanielgalvao.com.br\/site\/wp-json\/wp\/v2\/comments?post=30624"}],"version-history":[{"count":1,"href":"https:\/\/blogdodanielgalvao.com.br\/site\/wp-json\/wp\/v2\/posts\/30624\/revisions"}],"predecessor-version":[{"id":30626,"href":"https:\/\/blogdodanielgalvao.com.br\/site\/wp-json\/wp\/v2\/posts\/30624\/revisions\/30626"}],"wp:featuredmedia":[{"embeddable":true,"href":"https:\/\/blogdodanielgalvao.com.br\/site\/wp-json\/wp\/v2\/media\/30625"}],"wp:attachment":[{"href":"https:\/\/blogdodanielgalvao.com.br\/site\/wp-json\/wp\/v2\/media?parent=30624"}],"wp:term":[{"taxonomy":"category","embeddable":true,"href":"https:\/\/blogdodanielgalvao.com.br\/site\/wp-json\/wp\/v2\/categories?post=30624"},{"taxonomy":"post_tag","embeddable":true,"href":"https:\/\/blogdodanielgalvao.com.br\/site\/wp-json\/wp\/v2\/tags?post=30624"}],"curies":[{"name":"wp","href":"https:\/\/api.w.org\/{rel}","templated":true}]}}