{"id":30621,"date":"2026-03-03T13:58:47","date_gmt":"2026-03-03T16:58:47","guid":{"rendered":"https:\/\/blogdodanielgalvao.com.br\/site\/?p=30621"},"modified":"2026-03-03T13:58:55","modified_gmt":"2026-03-03T16:58:55","slug":"hospital-municipal-otime-cardoso-entra-em-nova-etapa-de-obras-e-reorganiza-atendimentos-em-cabo-frio","status":"publish","type":"post","link":"https:\/\/blogdodanielgalvao.com.br\/site\/hospital-municipal-otime-cardoso-entra-em-nova-etapa-de-obras-e-reorganiza-atendimentos-em-cabo-frio\/","title":{"rendered":"Hospital Municipal Otime Cardoso entra em nova etapa de obras e reorganiza atendimentos em Cabo Frio"},"content":{"rendered":"\n<p>O avan\u00e7o das interven\u00e7\u00f5es estruturais no primeiro andar do Hospital Municipal Otime Cardoso dos Santos, no bairro Jardim Esperan\u00e7a, levou a Secretaria de Sa\u00fade de Cabo Frio a reorganizar o fluxo de atendimentos ambulatoriais na rede municipal. A estrat\u00e9gia adotada prev\u00ea a transfer\u00eancia tempor\u00e1ria das consultas para outras unidades, liberando espa\u00e7o para acelerar o cronograma das obras.<\/p>\n\n\n\n<p>Com a medida, especialidades que antes funcionavam no hospital passaram a ser atendidas no Centro de Sa\u00fade Oswaldo Cruz, no Hospital Municipal S\u00e3o Jos\u00e9 Oper\u00e1rio, no Hospital Municipal da Mulher e em Estrat\u00e9gias de Sa\u00fade da Fam\u00edlia localizadas nas proximidades do Jardim Esperan\u00e7a. O servi\u00e7o de emerg\u00eancia, no entanto, segue operando normalmente na unidade.<\/p>\n\n\n\n<p>De acordo com a dire\u00e7\u00e3o do hospital, os pacientes est\u00e3o sendo informados previamente sobre as altera\u00e7\u00f5es para evitar deslocamentos desnecess\u00e1rios. \u201cTodos os pacientes est\u00e3o sendo contactados para orienta\u00e7\u00e3o. Nosso objetivo \u00e9 diminuir o tr\u00e1fego na \u00e1rea para que a equipe possa acelerar as obras\u201d, afirmou o diretor da unidade, Ant\u00f4nio Vicente.<\/p>\n\n\n\n<p>Nesta segunda-feira (2), a secret\u00e1ria de Sa\u00fade, Beatriz Trindade, reuniu-se com gestores das unidades envolvidas e com a equipe respons\u00e1vel pela execu\u00e7\u00e3o das obras para alinhar o planejamento do pr\u00f3ximo m\u00eas. A previs\u00e3o da pasta \u00e9 que, em cerca de 30 dias, o funcionamento do primeiro andar seja restabelecido gradualmente.<\/p>\n\n\n\n<p>\u201cN\u00e3o temos como manter o fluxo do hospital com o avan\u00e7o das obras. Nas interven\u00e7\u00f5es do segundo andar tamb\u00e9m realizamos remanejamento e, agora, pelo bem coletivo, adotamos o mesmo modelo no primeiro andar. A expectativa \u00e9 que, em 30 dias, tudo esteja normalizado. Estamos \u00e0 disposi\u00e7\u00e3o para esclarecer d\u00favidas\u201d, declarou a secret\u00e1ria.&nbsp;&nbsp;&nbsp;&nbsp;<\/p>\n","protected":false},"excerpt":{"rendered":"<p>O avan\u00e7o das interven\u00e7\u00f5es estruturais no primeiro andar do Hospital Municipal Otime Cardoso dos Santos, no bairro Jardim Esperan\u00e7a, levou a Secretaria de Sa\u00fade de Cabo Frio a reorganizar o fluxo de atendimentos ambulatoriais na rede municipal. A estrat\u00e9gia adotada prev\u00ea a transfer\u00eancia tempor\u00e1ria das consultas para outras unidades, liberando espa\u00e7o para acelerar o cronograma [&hellip;]<\/p>\n","protected":false},"author":2,"featured_media":30622,"comment_status":"open","ping_status":"open","sticky":false,"template":"","format":"standard","meta":{"footnotes":""},"categories":[340],"tags":[],"class_list":["post-30621","post","type-post","status-publish","format-standard","has-post-thumbnail","hentry","category-cabo-frio"],"_links":{"self":[{"href":"https:\/\/blogdodanielgalvao.com.br\/site\/wp-json\/wp\/v2\/posts\/30621","targetHints":{"allow":["GET"]}}],"collection":[{"href":"https:\/\/blogdodanielgalvao.com.br\/site\/wp-json\/wp\/v2\/posts"}],"about":[{"href":"https:\/\/blogdodanielgalvao.com.br\/site\/wp-json\/wp\/v2\/types\/post"}],"author":[{"embeddable":true,"href":"https:\/\/blogdodanielgalvao.com.br\/site\/wp-json\/wp\/v2\/users\/2"}],"replies":[{"embeddable":true,"href":"https:\/\/blogdodanielgalvao.com.br\/site\/wp-json\/wp\/v2\/comments?post=30621"}],"version-history":[{"count":1,"href":"https:\/\/blogdodanielgalvao.com.br\/site\/wp-json\/wp\/v2\/posts\/30621\/revisions"}],"predecessor-version":[{"id":30623,"href":"https:\/\/blogdodanielgalvao.com.br\/site\/wp-json\/wp\/v2\/posts\/30621\/revisions\/30623"}],"wp:featuredmedia":[{"embeddable":true,"href":"https:\/\/blogdodanielgalvao.com.br\/site\/wp-json\/wp\/v2\/media\/30622"}],"wp:attachment":[{"href":"https:\/\/blogdodanielgalvao.com.br\/site\/wp-json\/wp\/v2\/media?parent=30621"}],"wp:term":[{"taxonomy":"category","embeddable":true,"href":"https:\/\/blogdodanielgalvao.com.br\/site\/wp-json\/wp\/v2\/categories?post=30621"},{"taxonomy":"post_tag","embeddable":true,"href":"https:\/\/blogdodanielgalvao.com.br\/site\/wp-json\/wp\/v2\/tags?post=30621"}],"curies":[{"name":"wp","href":"https:\/\/api.w.org\/{rel}","templated":true}]}}