{"id":30616,"date":"2026-03-03T12:03:30","date_gmt":"2026-03-03T15:03:30","guid":{"rendered":"https:\/\/blogdodanielgalvao.com.br\/site\/?p=30616"},"modified":"2026-03-03T12:03:49","modified_gmt":"2026-03-03T15:03:49","slug":"regalo-na-serra-de-macae-tem-acesso-liberado-apos-instalacao-de-nova-ponte","status":"publish","type":"post","link":"https:\/\/blogdodanielgalvao.com.br\/site\/regalo-na-serra-de-macae-tem-acesso-liberado-apos-instalacao-de-nova-ponte\/","title":{"rendered":"Regalo, na serra de Maca\u00e9, tem acesso liberado ap\u00f3s instala\u00e7\u00e3o de nova ponte"},"content":{"rendered":"\n<p>O prefeito de Maca\u00e9, Welberth Rezende (CIDADANIA), usou as redes sociais, na noite dessa segunda-feira, 2, para anunciar a libera\u00e7\u00e3o do acesso para passagem de ve\u00edculos no Regalo, na regi\u00e3o serrana do munic\u00edpio.<\/p>\n\n\n\n<p>Welberth, que fez quest\u00e3o de acompanhar os trabalhos realizados na localidade desde cedo e pessoalmente, conversou com moradores e recebeu o carinho da popula\u00e7\u00e3o enquanto fiscalizava o trabalho das equipes no Regalo.<\/p>\n\n\n\n<p>Para resolver o problema, a prefeitura atuou durante todo o dia na instala\u00e7\u00e3o de uma nova ponte na localidade, que teve o acesso liberado pouco antes das 19h, restabelecendo o acesso e a seguran\u00e7a para motoristas e pedestres.<\/p>\n\n\n\n<p>\u201cAcesso liberado! Conclu\u00edmos o trabalho e a passagem j\u00e1 est\u00e1 garantida para a popula\u00e7\u00e3o\u201d, publicou Welberth.<\/p>\n\n\n\n<p>A instala\u00e7\u00e3o da nova ponte de ferro no Regalo \u00e9 mais uma a\u00e7\u00e3o da for\u00e7a-tarefa do munic\u00edpio, que segue trabalhando em v\u00e1rias localidades da serra com objetivo de restabelecer acessos e garantir mais seguran\u00e7a \u00e0s \u00e1reas mais atingidas pelas chuvas.<\/p>\n","protected":false},"excerpt":{"rendered":"<p>O prefeito de Maca\u00e9, Welberth Rezende (CIDADANIA), usou as redes sociais, na noite dessa segunda-feira, 2, para anunciar a libera\u00e7\u00e3o do acesso para passagem de ve\u00edculos no Regalo, na regi\u00e3o serrana do munic\u00edpio. Welberth, que fez quest\u00e3o de acompanhar os trabalhos realizados na localidade desde cedo e pessoalmente, conversou com moradores e recebeu o carinho [&hellip;]<\/p>\n","protected":false},"author":2,"featured_media":30617,"comment_status":"open","ping_status":"open","sticky":false,"template":"","format":"standard","meta":{"footnotes":""},"categories":[2978,2],"tags":[],"class_list":["post-30616","post","type-post","status-publish","format-standard","has-post-thumbnail","hentry","category-destaques-topo","category-macae"],"_links":{"self":[{"href":"https:\/\/blogdodanielgalvao.com.br\/site\/wp-json\/wp\/v2\/posts\/30616","targetHints":{"allow":["GET"]}}],"collection":[{"href":"https:\/\/blogdodanielgalvao.com.br\/site\/wp-json\/wp\/v2\/posts"}],"about":[{"href":"https:\/\/blogdodanielgalvao.com.br\/site\/wp-json\/wp\/v2\/types\/post"}],"author":[{"embeddable":true,"href":"https:\/\/blogdodanielgalvao.com.br\/site\/wp-json\/wp\/v2\/users\/2"}],"replies":[{"embeddable":true,"href":"https:\/\/blogdodanielgalvao.com.br\/site\/wp-json\/wp\/v2\/comments?post=30616"}],"version-history":[{"count":1,"href":"https:\/\/blogdodanielgalvao.com.br\/site\/wp-json\/wp\/v2\/posts\/30616\/revisions"}],"predecessor-version":[{"id":30618,"href":"https:\/\/blogdodanielgalvao.com.br\/site\/wp-json\/wp\/v2\/posts\/30616\/revisions\/30618"}],"wp:featuredmedia":[{"embeddable":true,"href":"https:\/\/blogdodanielgalvao.com.br\/site\/wp-json\/wp\/v2\/media\/30617"}],"wp:attachment":[{"href":"https:\/\/blogdodanielgalvao.com.br\/site\/wp-json\/wp\/v2\/media?parent=30616"}],"wp:term":[{"taxonomy":"category","embeddable":true,"href":"https:\/\/blogdodanielgalvao.com.br\/site\/wp-json\/wp\/v2\/categories?post=30616"},{"taxonomy":"post_tag","embeddable":true,"href":"https:\/\/blogdodanielgalvao.com.br\/site\/wp-json\/wp\/v2\/tags?post=30616"}],"curies":[{"name":"wp","href":"https:\/\/api.w.org\/{rel}","templated":true}]}}