{"id":30606,"date":"2026-03-02T18:06:15","date_gmt":"2026-03-02T21:06:15","guid":{"rendered":"https:\/\/blogdodanielgalvao.com.br\/site\/?p=30606"},"modified":"2026-03-02T18:06:19","modified_gmt":"2026-03-02T21:06:19","slug":"arraial-do-cabo-implanta-tarifa-unica-de-r-200-no-transporte-municipal","status":"publish","type":"post","link":"https:\/\/blogdodanielgalvao.com.br\/site\/arraial-do-cabo-implanta-tarifa-unica-de-r-200-no-transporte-municipal\/","title":{"rendered":"Arraial do Cabo implanta tarifa \u00fanica de R$ 2,00 no transporte municipal"},"content":{"rendered":"\n<p>Arraial do Cabo iniciou, nesta segunda-feira (2), uma nova fase no transporte coletivo. A Prefeitura passou a administrar diretamente o sistema e estabeleceu tarifa \u00fanica de R$ 2,00 em todas as linhas, garantindo redu\u00e7\u00e3o no custo para quem depende do servi\u00e7o diariamente.<\/p>\n\n\n\n<p>Al\u00e9m da mudan\u00e7a no valor da passagem, a frota foi ampliada de quatro para 12 \u00f4nibus. Os ve\u00edculos s\u00e3o equipados com ar-condicionado, utilizam motores menos poluentes e operam com maior frequ\u00eancia, oferecendo mais conforto e regularidade aos usu\u00e1rios.<\/p>\n\n\n\n<p>Antes do come\u00e7o oficial da opera\u00e7\u00e3o, os \u00f4nibus circularam pelo Centro e pelos distritos para apresentar a nova estrutura \u00e0 popula\u00e7\u00e3o. A recep\u00e7\u00e3o foi marcada por registros em v\u00eddeo, fotos e manifesta\u00e7\u00f5es de apoio nas ruas.<\/p>\n\n\n\n<p>O Sistema Municipal de Transporte P\u00fablico Coletivo passa a funcionar com cinco linhas: 701 Arraial x Pernambuca via Figueira; 702 Arraial x Sabi\u00e1 via Figueira; 703 Centro x Praias via Pontal e Vila; 704 CPRV x Parque das Gar\u00e7as via Monte Alto; e 705 Parque das Gar\u00e7as x Pernambuca via Cai\u00e7ara. O novo desenho amplia a conex\u00e3o entre bairros e \u00e1reas antes sem atendimento regular.<\/p>\n\n\n\n<p>A integra\u00e7\u00e3o entre as linhas poder\u00e1 ser feita sem pagamento de nova tarifa por meio do Cart\u00e3o +Mobilidade, dispon\u00edvel a partir de quarta-feira (4) na Secretaria de Mobilidade Urbana, na Rua Bento Pereira, n\u00ba 10, na Praia dos Anjos.<\/p>\n\n\n\n<p>Os hor\u00e1rios completos est\u00e3o dispon\u00edveis nos canais oficiais da Prefeitura e no site: (<a href=\"http:\/\/www.arraial.rj.gov.br\">http:\/\/www.arraial.rj.gov.br<\/a>).<\/p>\n\n\n\n<p>Com valor reduzido, amplia\u00e7\u00e3o da frota e integra\u00e7\u00e3o tarif\u00e1ria, o transporte municipal entra em uma etapa de moderniza\u00e7\u00e3o que promete mais efici\u00eancia e economia para os moradores.&nbsp;&nbsp;&nbsp;&nbsp;<\/p>\n","protected":false},"excerpt":{"rendered":"<p>Arraial do Cabo iniciou, nesta segunda-feira (2), uma nova fase no transporte coletivo. A Prefeitura passou a administrar diretamente o sistema e estabeleceu tarifa \u00fanica de R$ 2,00 em todas as linhas, garantindo redu\u00e7\u00e3o no custo para quem depende do servi\u00e7o diariamente. Al\u00e9m da mudan\u00e7a no valor da passagem, a frota foi ampliada de quatro [&hellip;]<\/p>\n","protected":false},"author":2,"featured_media":30608,"comment_status":"open","ping_status":"open","sticky":false,"template":"","format":"standard","meta":{"footnotes":""},"categories":[838,2982],"tags":[],"class_list":["post-30606","post","type-post","status-publish","format-standard","has-post-thumbnail","hentry","category-arraial-do-cabo","category-destaque-noticia-4"],"_links":{"self":[{"href":"https:\/\/blogdodanielgalvao.com.br\/site\/wp-json\/wp\/v2\/posts\/30606","targetHints":{"allow":["GET"]}}],"collection":[{"href":"https:\/\/blogdodanielgalvao.com.br\/site\/wp-json\/wp\/v2\/posts"}],"about":[{"href":"https:\/\/blogdodanielgalvao.com.br\/site\/wp-json\/wp\/v2\/types\/post"}],"author":[{"embeddable":true,"href":"https:\/\/blogdodanielgalvao.com.br\/site\/wp-json\/wp\/v2\/users\/2"}],"replies":[{"embeddable":true,"href":"https:\/\/blogdodanielgalvao.com.br\/site\/wp-json\/wp\/v2\/comments?post=30606"}],"version-history":[{"count":1,"href":"https:\/\/blogdodanielgalvao.com.br\/site\/wp-json\/wp\/v2\/posts\/30606\/revisions"}],"predecessor-version":[{"id":30609,"href":"https:\/\/blogdodanielgalvao.com.br\/site\/wp-json\/wp\/v2\/posts\/30606\/revisions\/30609"}],"wp:featuredmedia":[{"embeddable":true,"href":"https:\/\/blogdodanielgalvao.com.br\/site\/wp-json\/wp\/v2\/media\/30608"}],"wp:attachment":[{"href":"https:\/\/blogdodanielgalvao.com.br\/site\/wp-json\/wp\/v2\/media?parent=30606"}],"wp:term":[{"taxonomy":"category","embeddable":true,"href":"https:\/\/blogdodanielgalvao.com.br\/site\/wp-json\/wp\/v2\/categories?post=30606"},{"taxonomy":"post_tag","embeddable":true,"href":"https:\/\/blogdodanielgalvao.com.br\/site\/wp-json\/wp\/v2\/tags?post=30606"}],"curies":[{"name":"wp","href":"https:\/\/api.w.org\/{rel}","templated":true}]}}