{"id":30600,"date":"2026-03-02T17:44:12","date_gmt":"2026-03-02T20:44:12","guid":{"rendered":"https:\/\/blogdodanielgalvao.com.br\/site\/?p=30600"},"modified":"2026-03-02T17:44:16","modified_gmt":"2026-03-02T20:44:16","slug":"cproeis-e-guarda-municipal-detem-homem-por-agressao-contra-mulher-em-monte-alto","status":"publish","type":"post","link":"https:\/\/blogdodanielgalvao.com.br\/site\/cproeis-e-guarda-municipal-detem-homem-por-agressao-contra-mulher-em-monte-alto\/","title":{"rendered":"CPROEIS e Guarda Municipal det\u00eam homem por agress\u00e3o contra mulher em Monte Alto"},"content":{"rendered":"\n<p>Uma opera\u00e7\u00e3o integrada entre o CPROEIS da Prefeitura de Arraial do Cabo e a Guarda Municipal levou \u00e0 pris\u00e3o de um homem suspeito de agredir uma mulher no contexto de viol\u00eancia dom\u00e9stica, na tarde deste domingo (1\u00ba), em Monte Alto.<\/p>\n\n\n\n<p>O caso foi registrado por volta das 16h35, na Avenida Doutor Cl\u00e1udio Quintanilha. A v\u00edtima, ferida com golpe de faca, recebeu os primeiros socorros de pessoas que estavam no local e foi encaminhada ao Pronto Socorro de Figueira para atendimento m\u00e9dico.<\/p>\n\n\n\n<p>Com o apoio das equipes do CPROEIS, as guarni\u00e7\u00f5es iniciaram buscas na regi\u00e3o e localizaram o suspeito, que tentou fugir pela faixa de areia da praia. Ele foi capturado e levado inicialmente para a 132\u00aa Delegacia de Pol\u00edcia, sendo posteriormente encaminhado \u00e0 126\u00aa DP, Central de Flagrantes, onde permaneceu \u00e0 disposi\u00e7\u00e3o da Justi\u00e7a.<\/p>\n\n\n\n<p>A ocorr\u00eancia contou ainda com o suporte da Ronda Ostensiva Municipal e do Grupamento de Opera\u00e7\u00f5es com C\u00e3es, refor\u00e7ando a atua\u00e7\u00e3o coordenada das for\u00e7as de seguran\u00e7a no munic\u00edpio.<\/p>\n\n\n\n<p>Casos de viol\u00eancia dom\u00e9stica devem ser denunciados. Em Arraial do Cabo, o Centro Integrado de Opera\u00e7\u00f5es atende pelo n\u00famero (22) 9 9700-0387, e a Patrulha Maria da Penha disponibiliza atendimento via WhatsApp pelo (22) 9 8154-8286.&nbsp;&nbsp;&nbsp;&nbsp;<\/p>\n","protected":false},"excerpt":{"rendered":"<p>Uma opera\u00e7\u00e3o integrada entre o CPROEIS da Prefeitura de Arraial do Cabo e a Guarda Municipal levou \u00e0 pris\u00e3o de um homem suspeito de agredir uma mulher no contexto de viol\u00eancia dom\u00e9stica, na tarde deste domingo (1\u00ba), em Monte Alto. O caso foi registrado por volta das 16h35, na Avenida Doutor Cl\u00e1udio Quintanilha. A v\u00edtima, [&hellip;]<\/p>\n","protected":false},"author":2,"featured_media":30604,"comment_status":"open","ping_status":"open","sticky":false,"template":"","format":"standard","meta":{"footnotes":""},"categories":[838],"tags":[],"class_list":["post-30600","post","type-post","status-publish","format-standard","has-post-thumbnail","hentry","category-arraial-do-cabo"],"_links":{"self":[{"href":"https:\/\/blogdodanielgalvao.com.br\/site\/wp-json\/wp\/v2\/posts\/30600","targetHints":{"allow":["GET"]}}],"collection":[{"href":"https:\/\/blogdodanielgalvao.com.br\/site\/wp-json\/wp\/v2\/posts"}],"about":[{"href":"https:\/\/blogdodanielgalvao.com.br\/site\/wp-json\/wp\/v2\/types\/post"}],"author":[{"embeddable":true,"href":"https:\/\/blogdodanielgalvao.com.br\/site\/wp-json\/wp\/v2\/users\/2"}],"replies":[{"embeddable":true,"href":"https:\/\/blogdodanielgalvao.com.br\/site\/wp-json\/wp\/v2\/comments?post=30600"}],"version-history":[{"count":1,"href":"https:\/\/blogdodanielgalvao.com.br\/site\/wp-json\/wp\/v2\/posts\/30600\/revisions"}],"predecessor-version":[{"id":30605,"href":"https:\/\/blogdodanielgalvao.com.br\/site\/wp-json\/wp\/v2\/posts\/30600\/revisions\/30605"}],"wp:featuredmedia":[{"embeddable":true,"href":"https:\/\/blogdodanielgalvao.com.br\/site\/wp-json\/wp\/v2\/media\/30604"}],"wp:attachment":[{"href":"https:\/\/blogdodanielgalvao.com.br\/site\/wp-json\/wp\/v2\/media?parent=30600"}],"wp:term":[{"taxonomy":"category","embeddable":true,"href":"https:\/\/blogdodanielgalvao.com.br\/site\/wp-json\/wp\/v2\/categories?post=30600"},{"taxonomy":"post_tag","embeddable":true,"href":"https:\/\/blogdodanielgalvao.com.br\/site\/wp-json\/wp\/v2\/tags?post=30600"}],"curies":[{"name":"wp","href":"https:\/\/api.w.org\/{rel}","templated":true}]}}