{"id":30597,"date":"2026-03-02T16:58:55","date_gmt":"2026-03-02T19:58:55","guid":{"rendered":"https:\/\/blogdodanielgalvao.com.br\/site\/?p=30597"},"modified":"2026-03-02T16:59:00","modified_gmt":"2026-03-02T19:59:00","slug":"macae-amplia-acoes-de-atendimento-de-saude-na-regiao-serrana-da-cidade","status":"publish","type":"post","link":"https:\/\/blogdodanielgalvao.com.br\/site\/macae-amplia-acoes-de-atendimento-de-saude-na-regiao-serrana-da-cidade\/","title":{"rendered":"Maca\u00e9 amplia a\u00e7\u00f5es de atendimento de sa\u00fade na regi\u00e3o serrana da cidade"},"content":{"rendered":"\n<p>A Pra\u00e7a Principal de C\u00f3rrego do Ouro, em Maca\u00e9, recebeu, nessa segunda-feira, 2, uma a\u00e7\u00e3o do grupo de trabalho Sa\u00fade em Movimento, que oferece servi\u00e7os da rede p\u00fablica municipal de sa\u00fade para a popula\u00e7\u00e3o.<\/p>\n\n\n\n<p>Realizadas pela Secretaria de Sa\u00fade, as a\u00e7\u00f5es fazem parte de um cronograma da pasta voltado para o atendimento da popula\u00e7\u00e3o da regi\u00e3o serrana da cidade, que foi fortemente atingida pelas chuvas que ca\u00edram na cidade na \u00faltima semana.<\/p>\n\n\n\n<p>Entre os servi\u00e7os oferecidos pela a\u00e7\u00e3o em C\u00f3rrego do Ouro est\u00e3o atendimento m\u00e9dico ambulatorial e odontol\u00f3gico, al\u00e9m de atualiza\u00e7\u00e3o do calend\u00e1rio vacinal e coleta de sangue para exames, facilitando a vida dos moradores.<\/p>\n\n\n\n<p>A estrutura montada na pra\u00e7a nessa segunda conta com unidades m\u00f3veis equipadas com consult\u00f3rios e sala de espera, e j\u00e1 tem previs\u00e3o para prosseguir com os servi\u00e7os em outras localidades da serra, como Glic\u00e9rio e Frade, al\u00e9m de um retorno para C\u00f3rrego do Ouro.<\/p>\n\n\n\n<p>A programa\u00e7\u00e3o inclui a\u00e7\u00f5es de ter\u00e7a a quinta-feira, dias 3, 4 e 5, na Pra\u00e7a Principal de Glic\u00e9rio, com atendimento das 9h \u00e0s 20h, e retorno para C\u00f3rrego do Ouro, com atendimento na sexta e no s\u00e1bado, dias 6 e 7, antes de seguir para o Frade na pr\u00f3xima segunda-feira, 9.<\/p>\n\n\n\n<p>A pasta lembra que, para atualizar a situa\u00e7\u00e3o vacinal \u00e9 preciso apresentar a caderneta de vacina\u00e7\u00e3o, permitindo que o profissional de sa\u00fade avalie as doses necess\u00e1rias, estando dispon\u00edveis imunizantes contra hepatite B, t\u00e9tano, febre amarela, tr\u00edplice viral e coronav\u00edrus adulto, conforme os crit\u00e9rios do Minist\u00e9rio da Sa\u00fade.<br>J\u00e1 para o caso de crian\u00e7as que precisem da vacina\u00e7\u00e3o, o atendimento ser\u00e1 feito diretamente nas unidades de sa\u00fade da regi\u00e3o, enquanto pessoas que perderam o cart\u00e3o de vacina devem procurar a unidade da Estrat\u00e9gia de Sa\u00fade da Fam\u00edlia (ESF), para consulta no sistema e verifica\u00e7\u00e3o do hist\u00f3rico vacinal.<br>Para auxiliar no atendimento da popula\u00e7\u00e3o, a prefeitura divulgou uma amplia\u00e7\u00e3o do hor\u00e1rio de funcionamento das unidades ESF do Sana e de C\u00f3rrego do Ouro, que passam a funcionar at\u00e9 \u00e0s 20h para atender os moradores.<\/p>\n\n\n\n<p>\u201cEstamos ampliando a nossa atua\u00e7\u00e3o com planejamento e integra\u00e7\u00e3o da rede. Os cuidados ap\u00f3s as chuvas s\u00e3o fundamentais para a preven\u00e7\u00e3o de doen\u00e7as e outros agravos\u201d, afirmou o secret\u00e1rio de Sa\u00fade, Lucas Rodrigues.<\/p>\n\n\n\n<p>As a\u00e7\u00f5es incluem ainda um trabalho de combate \u00e0 prolifera\u00e7\u00e3o do mosquito Aedes aegypti, que acontece nessa ter\u00e7a e quarta-feira, dias 3 e 4, al\u00e9m de controle de roedores, realizado por um mutir\u00e3o da sa\u00fade no Frade.<br>\u201cAp\u00f3s per\u00edodos de chuva, o ac\u00famulo de \u00e1gua parada favorece a forma\u00e7\u00e3o de criadouros do mosquito. Durante o mutir\u00e3o, ser\u00e3o realizadas visitas domiciliares para elimina\u00e7\u00e3o de focos, aplica\u00e7\u00e3o de larvicida, orienta\u00e7\u00f5es sobre arboviroses, atualiza\u00e7\u00e3o do registro geogr\u00e1fico e identifica\u00e7\u00e3o de tocas para controle de roedores, com instala\u00e7\u00e3o de iscas\u201d, detalhou o munic\u00edpio.<\/p>\n\n\n\n<p>As a\u00e7\u00f5es na serra envolvem ainda equipes da Vigil\u00e2ncia em Sa\u00fade, Vigil\u00e2ncia Ambiental, Vigil\u00e2ncia Sanit\u00e1ria, Aten\u00e7\u00e3o Prim\u00e1ria, M\u00e9dia e Alta Complexidade, Programa de Imuniza\u00e7\u00e3o, Sa\u00fade Mental e programas itinerantes.<\/p>\n","protected":false},"excerpt":{"rendered":"<p>A Pra\u00e7a Principal de C\u00f3rrego do Ouro, em Maca\u00e9, recebeu, nessa segunda-feira, 2, uma a\u00e7\u00e3o do grupo de trabalho Sa\u00fade em Movimento, que oferece servi\u00e7os da rede p\u00fablica municipal de sa\u00fade para a popula\u00e7\u00e3o. Realizadas pela Secretaria de Sa\u00fade, as a\u00e7\u00f5es fazem parte de um cronograma da pasta voltado para o atendimento da popula\u00e7\u00e3o da [&hellip;]<\/p>\n","protected":false},"author":2,"featured_media":30598,"comment_status":"open","ping_status":"open","sticky":false,"template":"","format":"standard","meta":{"footnotes":""},"categories":[2978,2],"tags":[],"class_list":["post-30597","post","type-post","status-publish","format-standard","has-post-thumbnail","hentry","category-destaques-topo","category-macae"],"_links":{"self":[{"href":"https:\/\/blogdodanielgalvao.com.br\/site\/wp-json\/wp\/v2\/posts\/30597","targetHints":{"allow":["GET"]}}],"collection":[{"href":"https:\/\/blogdodanielgalvao.com.br\/site\/wp-json\/wp\/v2\/posts"}],"about":[{"href":"https:\/\/blogdodanielgalvao.com.br\/site\/wp-json\/wp\/v2\/types\/post"}],"author":[{"embeddable":true,"href":"https:\/\/blogdodanielgalvao.com.br\/site\/wp-json\/wp\/v2\/users\/2"}],"replies":[{"embeddable":true,"href":"https:\/\/blogdodanielgalvao.com.br\/site\/wp-json\/wp\/v2\/comments?post=30597"}],"version-history":[{"count":1,"href":"https:\/\/blogdodanielgalvao.com.br\/site\/wp-json\/wp\/v2\/posts\/30597\/revisions"}],"predecessor-version":[{"id":30599,"href":"https:\/\/blogdodanielgalvao.com.br\/site\/wp-json\/wp\/v2\/posts\/30597\/revisions\/30599"}],"wp:featuredmedia":[{"embeddable":true,"href":"https:\/\/blogdodanielgalvao.com.br\/site\/wp-json\/wp\/v2\/media\/30598"}],"wp:attachment":[{"href":"https:\/\/blogdodanielgalvao.com.br\/site\/wp-json\/wp\/v2\/media?parent=30597"}],"wp:term":[{"taxonomy":"category","embeddable":true,"href":"https:\/\/blogdodanielgalvao.com.br\/site\/wp-json\/wp\/v2\/categories?post=30597"},{"taxonomy":"post_tag","embeddable":true,"href":"https:\/\/blogdodanielgalvao.com.br\/site\/wp-json\/wp\/v2\/tags?post=30597"}],"curies":[{"name":"wp","href":"https:\/\/api.w.org\/{rel}","templated":true}]}}