{"id":30585,"date":"2026-03-02T16:35:00","date_gmt":"2026-03-02T19:35:00","guid":{"rendered":"https:\/\/blogdodanielgalvao.com.br\/site\/?p=30585"},"modified":"2026-03-02T16:35:08","modified_gmt":"2026-03-02T19:35:08","slug":"macae-lanca-linha-de-onibus-especial-para-atender-moradores-do-sana","status":"publish","type":"post","link":"https:\/\/blogdodanielgalvao.com.br\/site\/macae-lanca-linha-de-onibus-especial-para-atender-moradores-do-sana\/","title":{"rendered":"Maca\u00e9 lan\u00e7a linha de \u00f4nibus especial para atender moradores do Sana"},"content":{"rendered":"\n<p>A Prefeitura de Maca\u00e9 iniciou, nessa segunda-feira, 2 de mar\u00e7o, a implanta\u00e7\u00e3o de uma linha de \u00f4nibus especial para atender \u00e0 popula\u00e7\u00e3o do Sana e de localidades pr\u00f3ximas na serra, em raz\u00e3o dos temporais que atingiram a localidade.<\/p>\n\n\n\n<p>De acordo com a prefeitura, a linha especial far\u00e1 o trajeto Portal do Sana x Arraial do Sana, operando nos sentidos de ida e volta, com previs\u00e3o de funcionamento di\u00e1rio at\u00e9 a normaliza\u00e7\u00e3o completa das condi\u00e7\u00f5es de tr\u00e1fego.<br>Implementada em parceria com a concession\u00e1ria de transportes, a medida tem o objetivo de assegurar o deslocamento seguro da popula\u00e7\u00e3o, fortalecer o apoio \u00e0s a\u00e7\u00f5es emergenciais e minimizar os transtornos provocados pelas chuvas na regi\u00e3o.<\/p>\n\n\n\n<p>Nesse domingo, 1\u00ba de mar\u00e7o, o munic\u00edpio realizou diversas a\u00e7\u00f5es estrat\u00e9gicas voltadas para a \u00e1reas de mobilidade, visando a seguran\u00e7a vi\u00e1ria, organiza\u00e7\u00e3o de tr\u00e1fego e apoio \u00e0 atua\u00e7\u00e3o das equipes da Secretaria Executiva de Defesa Civil.<\/p>\n\n\n\n<p>As a\u00e7\u00f5es, realizadas pela Secretaria de Mobilidade Urbana, contaram o trabalho de agentes de tr\u00e2nsito, que fizeram rondas peri\u00f3dicas na \u00e1rea central e nos bairros, al\u00e9m de prestar suporte \u00e0s frentes de trabalho na regi\u00e3o serrana.<\/p>\n\n\n\n<p>Entre os trabalhos promovidos no fim de semana, estiveram orienta\u00e7\u00e3o para condutores, monitoramento de \u00e1reas consideradas sens\u00edveis, e atua\u00e7\u00e3o preventiva com objetivo de reduzir riscos e garantir a fluidez do tr\u00e1fego.<\/p>\n\n\n\n<p>\u201cA atua\u00e7\u00e3o integrada refor\u00e7a a import\u00e2ncia da mobilidade urbana como instrumento fundamental de apoio ao tr\u00e2nsito, \u00e0 Defesa Civil e \u00e0 prote\u00e7\u00e3o da popula\u00e7\u00e3o em momentos de adversidade clim\u00e1tica\u201d, completou a prefeitura.<\/p>\n","protected":false},"excerpt":{"rendered":"<p>A Prefeitura de Maca\u00e9 iniciou, nessa segunda-feira, 2 de mar\u00e7o, a implanta\u00e7\u00e3o de uma linha de \u00f4nibus especial para atender \u00e0 popula\u00e7\u00e3o do Sana e de localidades pr\u00f3ximas na serra, em raz\u00e3o dos temporais que atingiram a localidade. De acordo com a prefeitura, a linha especial far\u00e1 o trajeto Portal do Sana x Arraial do [&hellip;]<\/p>\n","protected":false},"author":2,"featured_media":30586,"comment_status":"open","ping_status":"open","sticky":false,"template":"","format":"standard","meta":{"footnotes":""},"categories":[2980,2],"tags":[],"class_list":["post-30585","post","type-post","status-publish","format-standard","has-post-thumbnail","hentry","category-destaque-noticia-2","category-macae"],"_links":{"self":[{"href":"https:\/\/blogdodanielgalvao.com.br\/site\/wp-json\/wp\/v2\/posts\/30585","targetHints":{"allow":["GET"]}}],"collection":[{"href":"https:\/\/blogdodanielgalvao.com.br\/site\/wp-json\/wp\/v2\/posts"}],"about":[{"href":"https:\/\/blogdodanielgalvao.com.br\/site\/wp-json\/wp\/v2\/types\/post"}],"author":[{"embeddable":true,"href":"https:\/\/blogdodanielgalvao.com.br\/site\/wp-json\/wp\/v2\/users\/2"}],"replies":[{"embeddable":true,"href":"https:\/\/blogdodanielgalvao.com.br\/site\/wp-json\/wp\/v2\/comments?post=30585"}],"version-history":[{"count":1,"href":"https:\/\/blogdodanielgalvao.com.br\/site\/wp-json\/wp\/v2\/posts\/30585\/revisions"}],"predecessor-version":[{"id":30587,"href":"https:\/\/blogdodanielgalvao.com.br\/site\/wp-json\/wp\/v2\/posts\/30585\/revisions\/30587"}],"wp:featuredmedia":[{"embeddable":true,"href":"https:\/\/blogdodanielgalvao.com.br\/site\/wp-json\/wp\/v2\/media\/30586"}],"wp:attachment":[{"href":"https:\/\/blogdodanielgalvao.com.br\/site\/wp-json\/wp\/v2\/media?parent=30585"}],"wp:term":[{"taxonomy":"category","embeddable":true,"href":"https:\/\/blogdodanielgalvao.com.br\/site\/wp-json\/wp\/v2\/categories?post=30585"},{"taxonomy":"post_tag","embeddable":true,"href":"https:\/\/blogdodanielgalvao.com.br\/site\/wp-json\/wp\/v2\/tags?post=30585"}],"curies":[{"name":"wp","href":"https:\/\/api.w.org\/{rel}","templated":true}]}}